{"id":10072,"date":"2021-08-11T10:37:00","date_gmt":"2021-08-11T14:37:00","guid":{"rendered":"https:\/\/notes.math.ca\/?post_type=article&#038;p=10072"},"modified":"2021-08-13T13:31:04","modified_gmt":"2021-08-13T17:31:04","slug":"prix-excellence-en-enseignement-2022","status":"publish","type":"article","link":"https:\/\/notes.math.ca\/fr\/article\/prix-excellence-en-enseignement-2022\/","title":{"rendered":"Prix excellence en enseignement 2022"},"content":{"rendered":"\t\t<div data-elementor-type=\"wp-post\" data-elementor-id=\"10072\" class=\"elementor elementor-10072 elementor-10065\" data-elementor-post-type=\"article\">\n\t\t\t\t\t\t<section class=\"elementor-section elementor-top-section elementor-element elementor-element-4c70b134 elementor-section-boxed elementor-section-height-default elementor-section-height-default\" data-id=\"4c70b134\" data-element_type=\"section\">\n\t\t\t\t\t\t<div class=\"elementor-container elementor-column-gap-default\">\n\t\t\t\t\t<div class=\"elementor-column elementor-col-100 elementor-top-column elementor-element elementor-element-67214ad2\" data-id=\"67214ad2\" data-element_type=\"column\">\n\t\t\t<div class=\"elementor-widget-wrap elementor-element-populated\">\n\t\t\t\t\t\t<div class=\"elementor-element elementor-element-78a4412e elementor-widget elementor-widget-text-editor\" data-id=\"78a4412e\" data-element_type=\"widget\" data-widget_type=\"text-editor.default\">\n\t\t\t\t<div class=\"elementor-widget-container\">\n\t\t\t\t\t\t\t\t\t<p>Le Comit\u00e9 de s\u00e9lection du Prix d\u2019excellence en enseignement de la SMC sollicite des mises en candidature pour le <strong>Prix d\u2019excellence en enseignement 2022<\/strong>.<\/p><p>Le <strong><a href=\"https:\/\/proto.smc.math.ca\/prix\/prix-dexcellence-en-enseignement\/\">Prix d&rsquo;excellence en enseignement de la SMC<\/a> <\/strong>r\u00e9compense l&rsquo;excellence reconnue d&rsquo;un.e enseignant.e ou d&rsquo;un.e professeur.e de niveau postsecondaire (universit\u00e9s, coll\u00e8ges et c\u00e9geps), telle qu&rsquo;illustr\u00e9e par son efficacit\u00e9 exceptionnelle en classe et\/ou son engagement et son d\u00e9vouement envers l&rsquo;enseignement et les \u00e9tudiant.e.s. Le dossier de candidature doit montrer l&rsquo;efficacit\u00e9 et les effets de l&rsquo;enseignement du candidat.e. Ce prix r\u00e9compense des contributions exceptionnelles et soutenues en enseignement coll\u00e9gial et de premier cycle universitaire dans un \u00e9tablissement canadien. Seules les candidatures d&rsquo;enseignant.e.s et de professeur.e.s \u00e0 temps plein qui travaillent dans le m\u00eame \u00e9tablissement depuis au moins cinq ans seront retenues. Une candidature peut \u00eatre mise \u00e0 jour et demeure active pendant 3 ans.<\/p><p>La SMC a pour but de promouvoir et de c\u00e9l\u00e9brer la diversit\u00e9 au sens le plus large.\u00a0 Nous encourageons fortement les directeurs et les directrices de d\u00e9partement et les comit\u00e9s de mise en candidature \u00e0 proposer des coll\u00e8gues exceptionnel.le.s sans distinction de race, de genre, d\u2019appartenance ethnique ou d\u2019orientation sexuelle.<\/p><p>Le dossier de mise en candidature se composera des \u00e9l\u00e9ments suivants :<\/p><ul><li>une lettre de mise en candidature d\u2019au plus trois pages, sign\u00e9e par un.e coll\u00e8gue (actuel.le ou ancien.ne) ou un collaborateur ou une collaboratrice qui conna\u00eet intimement le travail de la personne propos\u00e9e;<\/li><li>un curriculum vitae (au plus cinq pages);<\/li><li>trois lettres d\u2019appui, dont au moins une d\u2019un.e ancien.ne \u00e9tudiant.e (qui a suivi un cours il y a plus d\u2019un an) et une du directeur ou directrice du d\u00e9partement de la personne propos\u00e9e; cette lettre pourrait comprendre un bref r\u00e9sum\u00e9 de renseignements tir\u00e9s d\u2019\u00e9valuations d\u2019\u00e9tudiant.e.s, ou d\u2019autres renseignements de nature semblable;<\/li><li>autre mat\u00e9riel d\u2019appui (au plus dix pages).<\/li><\/ul><p>Veuillez faire parvenir les mises en candidature et lettres de r\u00e9f\u00e9rence par voie \u00e9lectronique, de pr\u00e9f\u00e9rence en format PDF, \u00e0\u00a0: <a href=\"mailto:prixee@smc.math.ca\"><strong>prixee@smc.math.ca<\/strong><\/a> avant la date limite du <strong>15 novembre 2021<\/strong>.<\/p>\t\t\t\t\t\t\t\t<\/div>\n\t\t\t\t<\/div>\n\t\t\t\t\t<\/div>\n\t\t<\/div>\n\t\t\t\t\t<\/div>\n\t\t<\/section>\n\t\t\t\t<section class=\"elementor-section elementor-top-section elementor-element elementor-element-3d3d1e8d elementor-section-boxed elementor-section-height-default elementor-section-height-default\" data-id=\"3d3d1e8d\" data-element_type=\"section\" data-settings=\"{&quot;shape_divider_top&quot;:&quot;mountains&quot;}\">\n\t\t\t\t\t<div class=\"elementor-shape elementor-shape-top\" aria-hidden=\"true\" data-negative=\"false\">\n\t\t\t<svg xmlns=\"http:\/\/www.w3.org\/2000\/svg\" viewBox=\"0 0 1000 100\" preserveAspectRatio=\"none\">\n\t<path class=\"elementor-shape-fill\" opacity=\"0.33\" d=\"M473,67.3c-203.9,88.3-263.1-34-320.3,0C66,119.1,0,59.7,0,59.7V0h1000v59.7 c0,0-62.1,26.1-94.9,29.3c-32.8,3.3-62.8-12.3-75.8-22.1C806,49.6,745.3,8.7,694.9,4.7S492.4,59,473,67.3z\"\/>\n\t<path class=\"elementor-shape-fill\" opacity=\"0.66\" d=\"M734,67.3c-45.5,0-77.2-23.2-129.1-39.1c-28.6-8.7-150.3-10.1-254,39.1 s-91.7-34.4-149.2,0C115.7,118.3,0,39.8,0,39.8V0h1000v36.5c0,0-28.2-18.5-92.1-18.5C810.2,18.1,775.7,67.3,734,67.3z\"\/>\n\t<path class=\"elementor-shape-fill\" d=\"M766.1,28.9c-200-57.5-266,65.5-395.1,19.5C242,1.8,242,5.4,184.8,20.6C128,35.8,132.3,44.9,89.9,52.5C28.6,63.7,0,0,0,0 h1000c0,0-9.9,40.9-83.6,48.1S829.6,47,766.1,28.9z\"\/>\n<\/svg>\t\t<\/div>\n\t\t\t\t\t<div class=\"elementor-container elementor-column-gap-default\">\n\t\t\t\t\t<div class=\"elementor-column elementor-col-100 elementor-top-column elementor-element elementor-element-7ef371fd\" data-id=\"7ef371fd\" data-element_type=\"column\">\n\t\t\t<div class=\"elementor-widget-wrap elementor-element-populated\">\n\t\t\t\t\t\t<section class=\"elementor-section elementor-inner-section elementor-element elementor-element-183d3514 elementor-section-boxed elementor-section-height-default elementor-section-height-default\" data-id=\"183d3514\" data-element_type=\"section\">\n\t\t\t\t\t\t<div class=\"elementor-container elementor-column-gap-default\">\n\t\t\t\t\t<div class=\"elementor-column elementor-col-100 elementor-inner-column elementor-element elementor-element-7591ca29\" data-id=\"7591ca29\" data-element_type=\"column\">\n\t\t\t<div class=\"elementor-widget-wrap elementor-element-populated\">\n\t\t\t\t\t\t<div class=\"elementor-element elementor-element-3a0fae25 notes_tight_bottom elementor-widget elementor-widget-text-editor\" data-id=\"3a0fae25\" data-element_type=\"widget\" data-widget_type=\"text-editor.default\">\n\t\t\t\t<div class=\"elementor-widget-container\">\n\t\t\t\t\t\t\t\t\t<h4><span style=\"text-decoration: underline;\"><strong>R\u00e9cipiendaire du Prix d&rsquo;excellence en enseignement 2021<\/strong><\/span><\/h4><p><img decoding=\"async\" class=\"alignleft wp-image-9526 size-thumbnail\" src=\"https:\/\/notes.math.ca\/wp-content\/uploads\/2021\/05\/IMG_3470-2-150x150.jpg\" alt=\"\" width=\"150\" height=\"150\" \/><\/p><p><strong>Alfonso Gracia-Saz<br \/><\/strong><em>Universit\u00e9 de Toronto<br \/><\/em><\/p><p style=\"text-align: left;\"><span title=\"\">Le professeur Gracia-Saz est le plus r\u00e9cent r\u00e9cipiendaire du prix.<\/span> <span class=\"\" title=\"\">Pour une liste des ancien.ne.s laur\u00e9at.e.s et pour lire leurs citations, veuillez visiter la page officielle du <a href=\"https:\/\/cms.math.ca\/Prix\/info\/ap.f\">Prix d&rsquo;excellence en enseignement<\/a>.<\/span><\/p>\t\t\t\t\t\t\t\t<\/div>\n\t\t\t\t<\/div>\n\t\t\t\t\t<\/div>\n\t\t<\/div>\n\t\t\t\t\t<\/div>\n\t\t<\/section>\n\t\t\t\t\t<\/div>\n\t\t<\/div>\n\t\t\t\t\t<\/div>\n\t\t<\/section>\n\t\t\t\t<\/div>\n\t\t","protected":false},"author":5,"template":"","section":[65],"keyword":[140,322,80],"class_list":["post-10072","article","type-article","status-publish","hentry","section-appel-de-candidatures","keyword-appels","keyword-education-2","keyword-prix"],"toolset-meta":{"author-4-info":{"author-4-surname":{"type":"textfield","raw":""},"author-4-given-names":{"type":"textfield","raw":""},"author-4-honorific":{"type":"textfield","raw":""},"author-4-institution":{"type":"textfield","raw":""},"author-4-email":{"type":"email","raw":""},"author-4-cms-role":{"type":"textfield","raw":""}},"author-3-info":{"author-3-surname":{"type":"textfield","raw":""},"author-3-given-names":{"type":"textfield","raw":""},"author-3-honorific":{"type":"textfield","raw":""},"author-3-institution":{"type":"textfield","raw":""},"author-3-email":{"type":"email","raw":""},"author-3-cms-role":{"type":"textfield","raw":""}},"author-2-info":{"author-2-surname":{"type":"textfield","raw":""},"author-2-given-names":{"type":"textfield","raw":""},"author-2-honorific":{"type":"textfield","raw":""},"author-2-institution":{"type":"textfield","raw":""},"author-2-email":{"type":"email","raw":""},"author-2-cms-role":{"type":"textfield","raw":""}},"author-info":{"author-surname":{"type":"textfield","raw":""},"author-given-names":{"type":"textfield","raw":""},"author-honorific":{"type":"textfield","raw":""},"author-email":{"type":"email","raw":""},"author-institution":{"type":"textfield","raw":""},"author-cms-role":{"type":"textfield","raw":""}},"unknown":{"downloadable-pdf":{"type":"file","raw":"https:\/\/notes.math.ca\/wp-content\/uploads\/2021\/08\/Prix-excellence-en-enseignement-2022-Sept2021.pdf","attachment_id":10147},"article-toc-weight":{"type":"numeric","raw":"64"},"author-surname":{"type":"textfield","raw":""},"author-given-names":{"type":"textfield","raw":""}}},"_links":{"self":[{"href":"https:\/\/notes.math.ca\/fr\/wp-json\/wp\/v2\/article\/10072","targetHints":{"allow":["GET"]}}],"collection":[{"href":"https:\/\/notes.math.ca\/fr\/wp-json\/wp\/v2\/article"}],"about":[{"href":"https:\/\/notes.math.ca\/fr\/wp-json\/wp\/v2\/types\/article"}],"author":[{"embeddable":true,"href":"https:\/\/notes.math.ca\/fr\/wp-json\/wp\/v2\/users\/5"}],"version-history":[{"count":5,"href":"https:\/\/notes.math.ca\/fr\/wp-json\/wp\/v2\/article\/10072\/revisions"}],"predecessor-version":[{"id":10149,"href":"https:\/\/notes.math.ca\/fr\/wp-json\/wp\/v2\/article\/10072\/revisions\/10149"}],"wp:attachment":[{"href":"https:\/\/notes.math.ca\/fr\/wp-json\/wp\/v2\/media?parent=10072"}],"wp:term":[{"taxonomy":"section","embeddable":true,"href":"https:\/\/notes.math.ca\/fr\/wp-json\/wp\/v2\/section?post=10072"},{"taxonomy":"keyword","embeddable":true,"href":"https:\/\/notes.math.ca\/fr\/wp-json\/wp\/v2\/keyword?post=10072"}],"curies":[{"name":"wp","href":"https:\/\/api.w.org\/{rel}","templated":true}]}}