{"id":11394,"date":"2021-11-25T09:17:57","date_gmt":"2021-11-25T14:17:57","guid":{"rendered":"https:\/\/notes.math.ca\/article\/the-light-at-the-end-of-the-tunnel\/"},"modified":"2021-11-30T15:19:13","modified_gmt":"2021-11-30T20:19:13","slug":"the-light-at-the-end-of-the-tunnel","status":"publish","type":"article","link":"https:\/\/notes.math.ca\/fr\/article\/the-light-at-the-end-of-the-tunnel\/","title":{"rendered":"La lumi\u00e8re au bout du tunnel"},"content":{"rendered":"<p><a href=\"https:\/\/notes.math.ca\/wp-content\/uploads\/2020\/01\/TermehKousha-bordered.jpg\"><img decoding=\"async\" src=\"https:\/\/notes.math.ca\/wp-content\/uploads\/2020\/01\/TermehKousha-bordered-150x150.jpg\" alt=\"\" width=\"150\" height=\"150\"><\/a><\/p>\n<p>Au moment d\u2019\u00e9criture de ses lignes pour le num\u00e9ro de d\u00e9cembre des <i>Notes<\/i>, je me sens \u00e0 la fois fi\u00e8re et en manque de sommeil. J\u2019avais commenc\u00e9 ma r\u00e9int\u00e9gration graduelle au travail vers la fin de mon cong\u00e9 de maternit\u00e9 le printemps dernier et mon retour d\u00e9finitif en septembre \u00e9tait apr\u00e8s une R\u00e9union d\u2019\u00e9t\u00e9 tr\u00e8s r\u00e9ussie d\u2019avec plus de 1000 participant.es pour c\u00e9l\u00e9brer le 75e+1 anniversaire de la SMC. La SMC a aussi \u00e9tait sous le coup des performances glorieuses de l\u2019\u00e9quipe Math Canada \u00e0 l\u2019Olympiade internationale de math\u00e9matiques et de la premi\u00e8re m\u00e9daille d\u2019or gagn\u00e9e par l\u2019\u00e9quipe Math Canada pour filles \u00e0 l\u2019Olympiade europ\u00e9enne de math\u00e9matiques pour filles. En effet, l\u2019impact de la pand\u00e9mie mondiale n\u2019avait pas d\u00e9courag\u00e9 la volont\u00e9, le talent et le travail assidu de nos jeunes math\u00e9maticien.nes.<\/p>\n<p>J\u2019aimerais prendre cette occasion pour remercier tous les individus impliqu\u00e9s dans l\u2019entra\u00eenement des deux \u00e9quipes, notamment Robert Garbary, Anna Krokhine, Elnaz Hessami Pilehrood, Dorette Pronk, James Rickards, Mariya Sardarli, Alex Song et Dani Spivak.<\/p>\n<p>En sortant de mon cong\u00e9 de maternit\u00e9, j\u2019avais pens\u00e9 que mon plus grand d\u00e9fi serait de trouver une place pour mon enfant dans une garderie. Cela fait, j\u2019avais d\u00fb faire face \u00e0 une transformation inattendue au sein de la SMC. Deux membres cl\u00e9s de notre personnel sont parti.es en cong\u00e9 de maladie et,avec la saison des concours math\u00e9matiques en cours et les pr\u00e9paratifs pressants de la R\u00e9union d\u2019hiver, les membres qui venaient de commencer leur travail au sein de notre organisme devaient plonger t\u00eate premi\u00e8re dans le vif du sujet . La t\u00e2che nous paraissant parfois insurmontable et nous avons d\u00fb travailler de longues heures pour que les concours puissent avoir lieu. Je suis tr\u00e8s reconnaissante du travail acharn\u00e9 et du d\u00e9vouement de nouveaux.lles et d\u2019ancien.nes membres de notre personnel pour nous avoir aid\u00e9.es \u00e0 organiser une autre saison de concours tr\u00e8s r\u00e9ussie.<\/p>\n<p>Nous tenons aussi \u00e0 remercier le programme Objectif avenir RBC et la Fondation actuarielle du Canada d&rsquo;avoir financ\u00e9 l\u2019initiative d\u2019inclusion de la SMC et d\u2019offrir une occasion aux \u00e9l\u00e8ves noir.es, autochtones, et les \u00e9l\u00e8ves s\u2019identifiant comme fille \u00e0 participer au concours gratuitement. Nous aurions aim\u00e9 une meilleure mise-en-\u0153uvre de ce programme, mais maintenant que avons bien b\u00e2ti les fondations, il pourra s\u2019am\u00e9liorer dans les ann\u00e9es \u00e0 venir. La SMC pense fermement que tou.tes les \u00e9l\u00e8ves doivent avoir la possibilit\u00e9 de d\u00e9couvrir et de d\u00e9velopper leur int\u00e9r\u00eat et leur talent math\u00e9matiques.<\/p>\n<p>Je suis aussi ravie d\u2019annoncer que la participation au concours Geai gris a augment\u00e9 de 50% cette ann\u00e9e et nous avons form\u00e9 de nouveaux partenariats avec 17 nouveaux pays pour la participation internationale \u00e0 ce concours. Le Concours math\u00e9matique canadien du geai gris a \u00e9t\u00e9 con\u00e7u en 2020 afin d\u2019engager de jeunes \u00e9l\u00e8ves en math\u00e9matiques.<\/p>\n<p>Malheureusement, un nombre de camps math\u00e9matiques a \u00e9t\u00e9 annul\u00e9 aussi en raison des restrictions impos\u00e9es par la COVID-19. D\u2019autres ont eu lieu dans un format en ligne. La SMC est fi\u00e8re d\u2019avoir parrain\u00e9 une toute nouvelle semaine math\u00e9matique pour les \u00e9l\u00e8ves noir.es en Nouvelle-\u00c9cosse cette ann\u00e9e. Gros merci aux organisateurs.rices de cette initiative pour leur cr\u00e9ativit\u00e9 et leur travail assidu.<\/p>\n<p>Notre travail n\u2019est pas fini et nous avons d\u00e9plac\u00e9 nos efforts \u00e0 la planification de la R\u00e9union tout de suite apr\u00e8s les concours. La liste de sessions, de conf\u00e9renciers.\u00e8res et des mini-cours annoncent une autre r\u00e9union enrichissante, quoique virtuelle, de la communaut\u00e9 math\u00e9matique canadienne et internationale.<\/p>\n<p>Je suis aussi ravie d\u2019annoncer que cette ann\u00e9e, gr\u00e2ce encore au financement du programme Objectif avenir RBC, nous avons mis en \u0153uvre une nouvelle initiative d\u2019inclusion pour la R\u00e9union d\u2019hiver 2021&nbsp;: en plus d\u2019offrir l\u2019inscription gratuite \u00e0 la R\u00e9union et aux mini-cours aux participant.es noir.es et autochtones, cette ann\u00e9e, la SMC offre aussi un nombre d\u2019inscriptions gratuites aux \u00e9tudiant.es s\u2019identifiant comme femme ou non-binaires, aux \u00e9tudiant.es LGBTQ+, et aux personnes en situation de handicap. En \u00e9liminant les entraves \u00e0 la participation des groupes en mal d\u2019\u00e9quit\u00e9, notre communaut\u00e9 saurait mieux valoriser &nbsp;d\u2019autres syst\u00e8mes de savoir et deviendrait plus diverse et plus riche avec de nouvelles perspectives.<\/p>\n<p>Au plaisir de vous voir les 2-7 d\u00e9cembre sur Zoom.<\/p>\n<p>Pour ce qui est mes v\u0153ux de la fin d\u2019ann\u00e9e, je nous souhaite un 2022 sans COVID pour que nous puissions nous rassembler en personne et offrir aux \u00e9l\u00e8ves des espaces pour discuter des math\u00e9matiques avec leurs pairs et d\u00e9velopper leurs int\u00e9r\u00eats math\u00e9matiques. Cela dit, nous sommes pr\u00eat.es \u00e0 tout. La pand\u00e9mie nous a prouv\u00e9 que nous sommes une communaut\u00e9 r\u00e9siliente et adaptable.<\/p>\n<p>En fin de compte, je tiens \u00e0 remercier Javad Mashreghi et Monica Nevins dont les conseils et les mots d\u2019encouragement nous ont aid\u00e9.es pendant un automne difficile. Gros merci, encore une fois, aux membres merveilleux.ses du personnel (nouveaux.lles et ancien.nes) pour leur travail acharn\u00e9 et leur d\u00e9vouement. Un merci tout sp\u00e9cial \u00e0 Yvette Roberts sans qui on n\u2019aurait pas surv\u00e9cu cette saison de concours.<\/p>\n<p>Portez-vous bien!<\/p>\n","protected":false},"author":6,"template":"","section":[24],"keyword":[],"class_list":["post-11394","article","type-article","status-publish","hentry","section-article-de-couverture"],"toolset-meta":{"author-4-info":{"author-4-surname":{"type":"textfield","raw":""},"author-4-given-names":{"type":"textfield","raw":""},"author-4-honorific":{"type":"textfield","raw":""},"author-4-institution":{"type":"textfield","raw":""},"author-4-email":{"type":"email","raw":""},"author-4-cms-role":{"type":"textfield","raw":""}},"author-3-info":{"author-3-surname":{"type":"textfield","raw":""},"author-3-given-names":{"type":"textfield","raw":""},"author-3-honorific":{"type":"textfield","raw":""},"author-3-institution":{"type":"textfield","raw":""},"author-3-email":{"type":"email","raw":""},"author-3-cms-role":{"type":"textfield","raw":""}},"author-2-info":{"author-2-surname":{"type":"textfield","raw":""},"author-2-given-names":{"type":"textfield","raw":""},"author-2-honorific":{"type":"textfield","raw":""},"author-2-institution":{"type":"textfield","raw":""},"author-2-email":{"type":"email","raw":""},"author-2-cms-role":{"type":"textfield","raw":""}},"author-info":{"author-surname":{"type":"textfield","raw":"Kousha"},"author-given-names":{"type":"textfield","raw":"Termeh"},"author-honorific":{"type":"textfield","raw":""},"author-email":{"type":"email","raw":"tkousha@cms.math.ca"},"author-institution":{"type":"textfield","raw":"Soci\u00e9t\u00e9 math\u00e9matique du Canada"},"author-cms-role":{"type":"textfield","raw":"Directrice g\u00e9n\u00e9rale"}},"unknown":{"downloadable-pdf":{"type":"file","raw":"https:\/\/notes.math.ca\/wp-content\/uploads\/2021\/11\/Couverture-NotesSMC-dec2021.pdf","attachment_id":11530},"article-toc-weight":{"type":"numeric","raw":"10"},"author-surname":{"type":"textfield","raw":"Kousha"},"author-given-names":{"type":"textfield","raw":"Termeh"}}},"_links":{"self":[{"href":"https:\/\/notes.math.ca\/fr\/wp-json\/wp\/v2\/article\/11394","targetHints":{"allow":["GET"]}}],"collection":[{"href":"https:\/\/notes.math.ca\/fr\/wp-json\/wp\/v2\/article"}],"about":[{"href":"https:\/\/notes.math.ca\/fr\/wp-json\/wp\/v2\/types\/article"}],"author":[{"embeddable":true,"href":"https:\/\/notes.math.ca\/fr\/wp-json\/wp\/v2\/users\/6"}],"version-history":[{"count":4,"href":"https:\/\/notes.math.ca\/fr\/wp-json\/wp\/v2\/article\/11394\/revisions"}],"predecessor-version":[{"id":11398,"href":"https:\/\/notes.math.ca\/fr\/wp-json\/wp\/v2\/article\/11394\/revisions\/11398"}],"wp:attachment":[{"href":"https:\/\/notes.math.ca\/fr\/wp-json\/wp\/v2\/media?parent=11394"}],"wp:term":[{"taxonomy":"section","embeddable":true,"href":"https:\/\/notes.math.ca\/fr\/wp-json\/wp\/v2\/section?post=11394"},{"taxonomy":"keyword","embeddable":true,"href":"https:\/\/notes.math.ca\/fr\/wp-json\/wp\/v2\/keyword?post=11394"}],"curies":[{"name":"wp","href":"https:\/\/api.w.org\/{rel}","templated":true}]}}