{"id":11447,"date":"2021-11-30T10:35:25","date_gmt":"2021-11-30T15:35:25","guid":{"rendered":"https:\/\/notes.math.ca\/article\/2022-adrien-pouliot-award\/"},"modified":"2021-11-30T16:11:50","modified_gmt":"2021-11-30T21:11:50","slug":"2022-adrien-pouliot-award","status":"publish","type":"article","link":"https:\/\/notes.math.ca\/fr\/article\/2022-adrien-pouliot-award\/","title":{"rendered":"Prix Adrien-Pouliot 2022"},"content":{"rendered":"<h2>Appel de candidatures<\/h2>\n<p>Nous sollicitons la candidature de personne ou de groupe de personnes ayant contribu\u00e9 d&rsquo;une fa\u00e7on importante et soutenue \u00e0 des activit\u00e9s math\u00e9matiques \u00e9ducatives au Canada. Le terme \u00ab contributions \u00bb s&#8217;emploie ici au sens large; les candidat.e.s pourront \u00eatre associ\u00e9.e.s \u00e0 une activit\u00e9 de sensibilisation, un nouveau programme adapt\u00e9 au milieu scolaire ou \u00e0 l&rsquo;industrie, des activit\u00e9s promotionnelles de vulgarisation des math\u00e9matiques, des initiatives sp\u00e9ciales, des conf\u00e9rences ou des concours \u00e0 l&rsquo;intention des \u00e9tudiant.e.s, etc.<\/p>\n<p>La SMC a pour but de promouvoir et de c\u00e9l\u00e9brer la diversit\u00e9 au sens le plus large. Nous encourageons fortement les directeurs et les directrices de d\u00e9partement et les comit\u00e9s de mise en candidature \u00e0 proposer des coll\u00e8gues exceptionnel.le.s sans distinction de race, de genre, d\u2019appartenance ethnique ou d\u2019orientation sexuelle.<\/p>\n<p><strong>Les mises en candidature doivent parvenir au bureau de la SMC avant le 30 avril 2022<\/strong>.&nbsp; &nbsp;Veuillez faire parvenir votre mise en candidature par voie \u00e9lectronique, de pr\u00e9f\u00e9rence en format PDF<strong>, <\/strong>\u00e0 <strong><a href=\"mailto:prixap@smc.math.ca\">prixap@smc.math.ca<\/a>.<\/strong><\/p>\n<p><strong>Conditions de candidature<\/strong><\/p>\n<ul>\n<li>Inclure les coordonn\u00e9es des candidat.e.s ainsi que des pr\u00e9sentateurs et des pr\u00e9sentatrices.<\/li>\n<li>D\u00e9crire en quoi le et la candidat.e a contribu\u00e9 de fa\u00e7on soutenue \u00e0 des activit\u00e9s math\u00e9matiques. Donner un aper\u00e7u de la p\u00e9riode couverte par les activit\u00e9s vis\u00e9es et du succ\u00e8s obtenu. La description ne doit pas d\u00e9passer quatre pages.<\/li>\n<li>Le dossier de candidature comportera deux lettres d\u2019appui sign\u00e9es par des personnes autres que le pr\u00e9sentateur ou la pr\u00e9sentatrice.<\/li>\n<li>Il n\u2019est pas n\u00e9cessaire d\u2019inclure des curriculums vitae, car les renseignements qui s\u2019y trouvent et qui se rapportent aux activit\u00e9s \u00e9ducatives vis\u00e9es devraient figurer sur le formulaire de mise en candidature et dans les autres documents \u00e9num\u00e9r\u00e9s ci- dessus.<\/li>\n<li>Veuillez indiquer si la candidature a \u00e9t\u00e9 soumise l\u2019ann\u00e9e pr\u00e9c\u00e9dente.<\/li>\n<li>Les membres du Comit\u00e9 d\u2019\u00e9ducation de la SMC ne pourront \u00eatre candidat.e.s pour l\u2019obtention d\u2019un prix pendant la dur\u00e9e de leur mandat au Comit\u00e9.<\/li>\n<\/ul>\n<p><strong>Renouveler une mise en candidature<br \/>\n<\/strong><\/p>\n<p>Il est possible de renouveler une mise en candidature pr\u00e9sent\u00e9e l&rsquo;ann\u00e9e pr\u00e9c\u00e9dente, pourvu que l&rsquo;on en manifeste le d\u00e9sir avant la date limite. Dans ce cas, le pr\u00e9sentateur ou la pr\u00e9sentatrice n&rsquo;a qu&rsquo;\u00e0 soumettre des documents de mise \u00e0 jour puisque le dossier original a \u00e9t\u00e9 conserv\u00e9.<\/p>\n<p><strong>2021 Adrien Pouliot Award Recipient<\/strong><\/p>\n<p><strong><a href=\"https:\/\/notes.math.ca\/wp-content\/uploads\/2021\/11\/Joseph_2021.jpg\"><img decoding=\"async\" src=\"https:\/\/notes.math.ca\/wp-content\/uploads\/2021\/11\/Joseph_2021-150x150.jpg\" alt=\"\" width=\"150\" height=\"150\"><\/a>Joseph Khoury<br \/>\n<\/strong><em>University of Ottawa<\/em><\/p>\n<p>Joseph Khoury&nbsp;est le plus r\u00e9cent r\u00e9cipiendaire du prix.&nbsp;Veuillez lire le&nbsp;&nbsp;<a href=\"https:\/\/cms.math.ca\/news-item\/joseph-khoury-receives-the-2021-adrien-pouliot-award\/\">communiqu\u00e9 de presse<\/a>.&nbsp;&nbsp;Pour une liste des ancien.ne.s laur\u00e9at.e.s et pour lire leurs citations, veuillez visiter la page officielle du&nbsp;<a style=\"font-family: var( --e-global-typography-text-font-family ), Sans-serif; font-weight: var( --e-global-typography-text-font-weight ); font-size: 1rem; background-color: #ffffff;\" href=\"https:\/\/cms.math.ca\/Prix\/info\/ap.f\">Prix Adrien-Pouliot<\/a>.<\/p>\n","protected":false},"author":6,"template":"","section":[65],"keyword":[],"class_list":["post-11447","article","type-article","status-publish","hentry","section-appel-de-candidatures"],"toolset-meta":{"author-4-info":{"author-4-surname":{"type":"textfield","raw":""},"author-4-given-names":{"type":"textfield","raw":""},"author-4-honorific":{"type":"textfield","raw":""},"author-4-institution":{"type":"textfield","raw":""},"author-4-email":{"type":"email","raw":""},"author-4-cms-role":{"type":"textfield","raw":""}},"author-3-info":{"author-3-surname":{"type":"textfield","raw":""},"author-3-given-names":{"type":"textfield","raw":""},"author-3-honorific":{"type":"textfield","raw":""},"author-3-institution":{"type":"textfield","raw":""},"author-3-email":{"type":"email","raw":""},"author-3-cms-role":{"type":"textfield","raw":""}},"author-2-info":{"author-2-surname":{"type":"textfield","raw":""},"author-2-given-names":{"type":"textfield","raw":""},"author-2-honorific":{"type":"textfield","raw":""},"author-2-institution":{"type":"textfield","raw":""},"author-2-email":{"type":"email","raw":""},"author-2-cms-role":{"type":"textfield","raw":""}},"author-info":{"author-surname":{"type":"textfield","raw":""},"author-given-names":{"type":"textfield","raw":""},"author-honorific":{"type":"textfield","raw":""},"author-email":{"type":"email","raw":""},"author-institution":{"type":"textfield","raw":""},"author-cms-role":{"type":"textfield","raw":""}},"unknown":{"downloadable-pdf":{"type":"file","raw":"https:\/\/notes.math.ca\/wp-content\/uploads\/2021\/11\/APNominations-NotesSMC-dec2021.pdf","attachment_id":11535},"article-toc-weight":{"type":"numeric","raw":"70"},"author-surname":{"type":"textfield","raw":""},"author-given-names":{"type":"textfield","raw":""}}},"_links":{"self":[{"href":"https:\/\/notes.math.ca\/fr\/wp-json\/wp\/v2\/article\/11447","targetHints":{"allow":["GET"]}}],"collection":[{"href":"https:\/\/notes.math.ca\/fr\/wp-json\/wp\/v2\/article"}],"about":[{"href":"https:\/\/notes.math.ca\/fr\/wp-json\/wp\/v2\/types\/article"}],"author":[{"embeddable":true,"href":"https:\/\/notes.math.ca\/fr\/wp-json\/wp\/v2\/users\/6"}],"version-history":[{"count":5,"href":"https:\/\/notes.math.ca\/fr\/wp-json\/wp\/v2\/article\/11447\/revisions"}],"predecessor-version":[{"id":11929,"href":"https:\/\/notes.math.ca\/fr\/wp-json\/wp\/v2\/article\/11447\/revisions\/11929"}],"wp:attachment":[{"href":"https:\/\/notes.math.ca\/fr\/wp-json\/wp\/v2\/media?parent=11447"}],"wp:term":[{"taxonomy":"section","embeddable":true,"href":"https:\/\/notes.math.ca\/fr\/wp-json\/wp\/v2\/section?post=11447"},{"taxonomy":"keyword","embeddable":true,"href":"https:\/\/notes.math.ca\/fr\/wp-json\/wp\/v2\/keyword?post=11447"}],"curies":[{"name":"wp","href":"https:\/\/api.w.org\/{rel}","templated":true}]}}