{"id":12350,"date":"2022-02-28T13:52:06","date_gmt":"2022-02-28T18:52:06","guid":{"rendered":"https:\/\/notes.math.ca\/article\/appel-de-sessions-ete-2022\/"},"modified":"2022-02-28T13:57:02","modified_gmt":"2022-02-28T18:57:02","slug":"appel-de-sessions-ete-2022","status":"publish","type":"article","link":"https:\/\/notes.math.ca\/fr\/article\/appel-de-sessions-ete-2022\/","title":{"rendered":"Appel de sessions \u00e9t\u00e9 2022"},"content":{"rendered":"\n<h3 class=\"wp-block-heading\">La Soci\u00e9t\u00e9 math\u00e9matique du Canada (SMC) sollicite des propositions de sessions scientifiques et de mini-cours pour sa R\u00e9union d\u2019\u00e9t\u00e9 2022, qui se tiendra \u00e0 St. John\u2019s du 3 au 6 juin prochains.<\/h3>\n\n\n\n<p><b>VEUILLEZ NOTER :<\/b><span style=\"font-weight: 400;\"> En raison de l\u2019incertitude li\u00e9e \u00e0 la pand\u00e9mie de COVID-19, la R\u00e9union d\u2019\u00e9t\u00e9 2022 pourrait passer en mode virtuel. Nous ferons conna\u00eetre cette d\u00e9cision d\u2019ici la fin mars. Advenant une d\u00e9cision plus h\u00e2tive, nous en informerons directement tous les organisateurs de sessions.<\/span><\/p>\n\n\n\n<p><strong>APPEL DE SESSIONS<\/strong><\/p>\n\n\n\n<p><span style=\"font-weight: 400;\">Conform\u00e9ment \u00e0 son mandat de proposer des congr\u00e8s <\/span><span style=\"font-weight: 400;\">accessibles et accueillants pour tous les groupes<\/span><span style=\"font-weight: 400;\">, la SMC encourage fortement la diversit\u00e9 parmi les personnes qui organisent ses R\u00e9unions ou y prononcent des conf\u00e9rences. La diversit\u00e9 s\u2019applique aux domaines d\u2019int\u00e9r\u00eat, \u00e0 l\u2019\u00e9tape de la carri\u00e8re, \u00e0 l\u2019emplacement g\u00e9ographique et aux caract\u00e9ristiques d\u00e9mographiques.<\/span><span style=\"font-weight: 400;\">&nbsp;<\/span><\/p>\n\n\n\n<p>Les propositions doivent inclure :   <\/p>\n\n\n\n<p>1) Les noms, affiliations et coordonn\u00e9es de tous les coorganisateurs de sessions. On encourage les chercheurs en d\u00e9but de carri\u00e8re \u00e0 proposer des sessions. <\/p>\n\n\n\n<p>2) Un titre et une br\u00e8ve description du sujet et de l\u2019objectif de la session; peut aussi comprendre un aper\u00e7u du sujet. <\/p>\n\n\n\n<p>3) Le nombre de conf\u00e9renciers attendus, avec une liste de communications et\/ou de conf\u00e9renciers potentiels pour le th\u00e8me. On s\u2019attend \u00e0 ce que toutes les sessions comprennent des conf\u00e9renciers issus de groupes sous-repr\u00e9sent\u00e9s d\u00e9sign\u00e9s. Ces groupes comprennent notamment les femmes, les Autochtones, les personnes ayant un handicap, les membres de minorit\u00e9s visibles\/de groupes racialis\u00e9s et les membres des communaut\u00e9s LGBTQ2+. On encourage \u00e9galement les organisateurs \u00e0 accepter de nouveaux doctorants et \u00e0 rendre la session accessible aux \u00e9tudiants des cycles sup\u00e9rieurs. <\/p>\n\n\n\n<p><b><i>Nous vous demandons de ne pas inviter de conf\u00e9renciers avant l\u2019approbation de votre session et la fin de l\u2019appel ouvert de r\u00e9sum\u00e9s.<\/i><\/b><span style=\"font-weight: 400;\">&nbsp;<\/span><\/p>\n\n\n\n<p><b>NOUVEAU! Appel ouvert de r\u00e9sum\u00e9s : <\/b><span style=\"font-weight: 400;\">La SMC met en place un <\/span><b>appel ouvert de r\u00e9sum\u00e9s<\/b><span style=\"font-weight: 400;\"> pour aider les organisateurs de sessions dans leur important travail et leurs efforts d\u2019inclusion et de diversit\u00e9.<\/span> <span style=\"font-weight: 400;\">Une fois l\u2019appel ouvert termin\u00e9, les organisateurs pourront s\u00e9lectionner et inviter des conf\u00e9renciers parmi les r\u00e9sum\u00e9s re\u00e7us ou \u00e0 partir de la liste de conf\u00e9renciers potentiels fournie dans leur proposition.<\/span><span style=\"font-weight: 400;\">&nbsp;<\/span><\/p>\n\n\n\n<p><span style=\"font-weight: 400;\">Les sessions scientifiques se d\u00e9rouleront du <\/span><b>3 au 6 juin 2022<\/b><span style=\"font-weight: 400;\">. Toute personne qui souhaiterait organiser une session est pri\u00e9e de faire parvenir une proposition aux directeurs scientifiques et de mettre le bureau de la SMC en copie conforme : <\/span><span style=\"font-weight: 400;\"><a href=\"mailto:meetings@cms.math.ca\">meetings@cms.math.ca<\/a><\/span><span style=\"font-weight: 400;\">.<\/span><\/p>\n\n\n\n<p><span style=\"font-weight: 400;\">La date limite pour pr\u00e9senter une proposition est le <\/span><b>lundi<\/b> <b>14 mars 2022<\/b><span style=\"font-weight: 400;\">.<\/span><\/p>\n\n\n\n<p><span style=\"font-weight: 400;\">La date limite pour soumettre les r\u00e9sum\u00e9s aux organisateurs de la session \u00e0 des fins d\u2019approbation est le <\/span><b>vendredi<\/b> <b>15 avril 2022<\/b><span style=\"font-weight: 400;\">.<\/span><\/p>\n\n\n\n<p><b>APPEL DE MINI-COURS<\/b><\/p>\n\n\n\n<p>La SMC organise maintenant des mini-cours de trois heures pour accro\u00eetre l\u2019attrait de ses R\u00e9unions et inciter plus d\u2019\u00e9tudiants et de chercheurs \u00e0 y assister.<\/p>\n\n\n\n<p>Les mini-cours auront lieu le vendredi 3 juin, avant la conf\u00e9rence publique, et porteront sur des sujets adapt\u00e9s aux \u00e9tudiants des cycles sup\u00e9rieurs, aux postdoctorants ou \u00e0 toute personne int\u00e9ress\u00e9e.<\/p>\n\n\n\n<p>Les propositions doivent inclure les noms, affiliations et coordonn\u00e9es de tous les coorganisateurs, ainsi que le titre et une br\u00e8ve description de l\u2019objet du mini-cours.\n<\/p>\n\n\n\n<div class=\"wp-block-group\"><div class=\"wp-block-group__inner-container is-layout-flow wp-block-group-is-layout-flow\">\n<p>Entre-temps, n\u2019h\u00e9sitez surtout pas \u00e0 nous contacter si vous avez des questions.<\/p>\n\n\n\n<p><b>Directeurs scientifiques : <\/b>Chunhua Ou (Memorial) &#8211; <a href=\"mailto:ou@mun.ca\">ou@mun.ca<\/a> ; Marco Merkli (Memorial) &#8211;&nbsp;<a href=\"mailto:merkli@mun.ca\">merkli@mun.ca<\/a><\/p>\n\n\n\n<p><strong>Bureau de la SMC :<\/strong>&nbsp;<a href=\"mailto:meetings@cms.math.ca\">meetings@cms.math.ca<\/a><\/p>\n<\/div><\/div>\n","protected":false},"author":9,"template":"","section":[67],"keyword":[],"class_list":["post-12350","article","type-article","status-publish","hentry","section-appels-de-propositions-de-sessions"],"toolset-meta":{"author-4-info":{"author-4-surname":{"type":"textfield","raw":""},"author-4-given-names":{"type":"textfield","raw":""},"author-4-honorific":{"type":"textfield","raw":""},"author-4-institution":{"type":"textfield","raw":""},"author-4-email":{"type":"email","raw":""},"author-4-cms-role":{"type":"textfield","raw":""}},"author-3-info":{"author-3-surname":{"type":"textfield","raw":""},"author-3-given-names":{"type":"textfield","raw":""},"author-3-honorific":{"type":"textfield","raw":""},"author-3-institution":{"type":"textfield","raw":""},"author-3-email":{"type":"email","raw":""},"author-3-cms-role":{"type":"textfield","raw":""}},"author-2-info":{"author-2-surname":{"type":"textfield","raw":""},"author-2-given-names":{"type":"textfield","raw":""},"author-2-honorific":{"type":"textfield","raw":""},"author-2-institution":{"type":"textfield","raw":""},"author-2-email":{"type":"email","raw":""},"author-2-cms-role":{"type":"textfield","raw":""}},"author-info":{"author-surname":{"type":"textfield","raw":""},"author-given-names":{"type":"textfield","raw":""},"author-honorific":{"type":"textfield","raw":""},"author-email":{"type":"email","raw":""},"author-institution":{"type":"textfield","raw":""},"author-cms-role":{"type":"textfield","raw":""}},"unknown":{"downloadable-pdf":{"type":"file","raw":"https:\/\/notes.math.ca\/wp-content\/uploads\/2022\/02\/Appel-de-sessions-ete-2022.pdf","attachment_id":12355},"article-toc-weight":{"type":"numeric","raw":"99"},"author-surname":{"type":"textfield","raw":""},"author-given-names":{"type":"textfield","raw":""}}},"_links":{"self":[{"href":"https:\/\/notes.math.ca\/fr\/wp-json\/wp\/v2\/article\/12350","targetHints":{"allow":["GET"]}}],"collection":[{"href":"https:\/\/notes.math.ca\/fr\/wp-json\/wp\/v2\/article"}],"about":[{"href":"https:\/\/notes.math.ca\/fr\/wp-json\/wp\/v2\/types\/article"}],"author":[{"embeddable":true,"href":"https:\/\/notes.math.ca\/fr\/wp-json\/wp\/v2\/users\/9"}],"version-history":[{"count":3,"href":"https:\/\/notes.math.ca\/fr\/wp-json\/wp\/v2\/article\/12350\/revisions"}],"predecessor-version":[{"id":12354,"href":"https:\/\/notes.math.ca\/fr\/wp-json\/wp\/v2\/article\/12350\/revisions\/12354"}],"wp:attachment":[{"href":"https:\/\/notes.math.ca\/fr\/wp-json\/wp\/v2\/media?parent=12350"}],"wp:term":[{"taxonomy":"section","embeddable":true,"href":"https:\/\/notes.math.ca\/fr\/wp-json\/wp\/v2\/section?post=12350"},{"taxonomy":"keyword","embeddable":true,"href":"https:\/\/notes.math.ca\/fr\/wp-json\/wp\/v2\/keyword?post=12350"}],"curies":[{"name":"wp","href":"https:\/\/api.w.org\/{rel}","templated":true}]}}