{"id":12357,"date":"2022-02-28T12:26:06","date_gmt":"2022-02-28T17:26:06","guid":{"rendered":"https:\/\/notes.math.ca\/article\/call-for-nominations-2022-adrien-pouliot-award\/"},"modified":"2022-02-28T14:15:45","modified_gmt":"2022-02-28T19:15:45","slug":"call-for-nominations-2022-adrien-pouliot-award","status":"publish","type":"article","link":"https:\/\/notes.math.ca\/fr\/article\/call-for-nominations-2022-adrien-pouliot-award\/","title":{"rendered":"Appel de candidatures : Prix Adrien Pouliot 2022"},"content":{"rendered":"\n<p><a href=\"https:\/\/smc.math.ca\/prix\/prix-adrien-pouliot\/\">Prix Adrien-Pouliot<\/a><\/p>\n\n\n\n<figure class=\"wp-block-table\"><table><tbody><tr><td><\/td><td>Nous acceptons actuellement les mises en candidature pour le prix 2022.<br>Date limite : 30 avril<\/td><\/tr><\/tbody><\/table><\/figure>\n\n\n\n<p>Nous sollicitons la candidature de personnes ou de groupes de personnes ayant contribu\u00e9 d\u2019une fa\u00e7on importante et soutenue \u00e0 des activit\u00e9s math\u00e9matiques \u00e9ducatives au Canada. Le terme \u00ab contributions \u00bb s\u2019emploie ici au sens large; les candidat.e.s pourront \u00eatre associ\u00e9.e.s \u00e0 une activit\u00e9 de sensibilisation, \u00e0 un nouveau programme adapt\u00e9 au milieu scolaire ou \u00e0 l\u2019industrie, \u00e0 des activit\u00e9s promotionnelles de vulgarisation des math\u00e9matiques, \u00e0 des initiatives sp\u00e9ciales, \u00e0 des conf\u00e9rences ou des concours \u00e0 l\u2019intention des \u00e9tudiant.e.s, etc.<\/p>\n\n\n\n<p>La SMC a pour but de promouvoir et de c\u00e9l\u00e9brer la diversit\u00e9 au sens le plus large. Nous encourageons fortement les directrices et les directeurs de d\u00e9partements et les comit\u00e9s de mise en candidature \u00e0 proposer des coll\u00e8gues exceptionnel.le.s sans distinction de race, de genre, d\u2019appartenance ethnique ou d\u2019orientation sexuelle.<\/p>\n\n\n\n<p>Veuillez faire parvenir votre mise en candidature par voie \u00e9lectronique, de pr\u00e9f\u00e9rence en format PDF,&nbsp;<strong>avant la date limite indiqu\u00e9e ci-dessus<\/strong>&nbsp;\u00e0&nbsp;<strong><a href=\"mailto:prixap@smc.math.ca\">prixap@smc.math.ca<\/a>.<\/strong><\/p>\n\n\n\n<h2 class=\"wp-block-heading\">Conditions de candidature<\/h2>\n\n\n\n<ul class=\"wp-block-list\"><li>Inclure les coordonn\u00e9es des candidat.e.s ainsi que des pr\u00e9sentateurs et des pr\u00e9sentatrices.<\/li><li>D\u00e9crire en quoi le et la candidat.e a contribu\u00e9 de fa\u00e7on soutenue \u00e0 des activit\u00e9s math\u00e9matiques. Donner un aper\u00e7u de la p\u00e9riode couverte par les activit\u00e9s vis\u00e9es et du succ\u00e8s obtenu. La description ne doit pas d\u00e9passer quatre pages.<\/li><li>Le dossier de candidature comportera deux lettres d\u2019appui sign\u00e9es par des personnes autres que le pr\u00e9sentateur ou la pr\u00e9sentatrice.<\/li><li>Il n\u2019est pas n\u00e9cessaire d\u2019inclure des curriculums vitae, car les renseignements qui s\u2019y trouvent et qui se rapportent aux activit\u00e9s \u00e9ducatives vis\u00e9es devraient figurer dans la lettre de mise en candidature et dans les autres documents \u00e9num\u00e9r\u00e9s ci- dessus.<\/li><li>Veuillez indiquer si la candidature a \u00e9t\u00e9 soumise l\u2019ann\u00e9e pr\u00e9c\u00e9dente.<\/li><li>Les membres du Comit\u00e9 d\u2019\u00e9ducation de la SMC ne pourront \u00eatre candidat.e.s pour l\u2019obtention d\u2019un prix pendant la dur\u00e9e de leur mandat au Comit\u00e9.<\/li><\/ul>\n\n\n\n<h2 class=\"wp-block-heading\">Renouveler une mise en candidature<\/h2>\n\n\n\n<p>Une mise en candidature restera active pendant trois (3) ans, avec possibilit\u00e9 de mise \u00e0 jour.&nbsp;Dans ce cas, le pr\u00e9sentateur ou la pr\u00e9sentatrice n\u2019a qu\u2019\u00e0 soumettre des documents de mise \u00e0 jour puisque le dossier original a \u00e9t\u00e9 conserv\u00e9.<\/p>\n","protected":false},"author":9,"template":"","section":[65],"keyword":[],"class_list":["post-12357","article","type-article","status-publish","hentry","section-appel-de-candidatures"],"toolset-meta":{"author-4-info":{"author-4-surname":{"type":"textfield","raw":""},"author-4-given-names":{"type":"textfield","raw":""},"author-4-honorific":{"type":"textfield","raw":""},"author-4-institution":{"type":"textfield","raw":""},"author-4-email":{"type":"email","raw":""},"author-4-cms-role":{"type":"textfield","raw":""}},"author-3-info":{"author-3-surname":{"type":"textfield","raw":""},"author-3-given-names":{"type":"textfield","raw":""},"author-3-honorific":{"type":"textfield","raw":""},"author-3-institution":{"type":"textfield","raw":""},"author-3-email":{"type":"email","raw":""},"author-3-cms-role":{"type":"textfield","raw":""}},"author-2-info":{"author-2-surname":{"type":"textfield","raw":""},"author-2-given-names":{"type":"textfield","raw":""},"author-2-honorific":{"type":"textfield","raw":""},"author-2-institution":{"type":"textfield","raw":""},"author-2-email":{"type":"email","raw":""},"author-2-cms-role":{"type":"textfield","raw":""}},"author-info":{"author-surname":{"type":"textfield","raw":""},"author-given-names":{"type":"textfield","raw":""},"author-honorific":{"type":"textfield","raw":""},"author-email":{"type":"email","raw":""},"author-institution":{"type":"textfield","raw":""},"author-cms-role":{"type":"textfield","raw":""}},"unknown":{"downloadable-pdf":{"type":"file","raw":"https:\/\/notes.math.ca\/wp-content\/uploads\/2022\/02\/Adrien-PouliotFR.pdf","attachment_id":12362},"article-toc-weight":{"type":"numeric","raw":"98"},"author-surname":{"type":"textfield","raw":""},"author-given-names":{"type":"textfield","raw":""}}},"_links":{"self":[{"href":"https:\/\/notes.math.ca\/fr\/wp-json\/wp\/v2\/article\/12357","targetHints":{"allow":["GET"]}}],"collection":[{"href":"https:\/\/notes.math.ca\/fr\/wp-json\/wp\/v2\/article"}],"about":[{"href":"https:\/\/notes.math.ca\/fr\/wp-json\/wp\/v2\/types\/article"}],"author":[{"embeddable":true,"href":"https:\/\/notes.math.ca\/fr\/wp-json\/wp\/v2\/users\/9"}],"version-history":[{"count":1,"href":"https:\/\/notes.math.ca\/fr\/wp-json\/wp\/v2\/article\/12357\/revisions"}],"predecessor-version":[{"id":12360,"href":"https:\/\/notes.math.ca\/fr\/wp-json\/wp\/v2\/article\/12357\/revisions\/12360"}],"wp:attachment":[{"href":"https:\/\/notes.math.ca\/fr\/wp-json\/wp\/v2\/media?parent=12357"}],"wp:term":[{"taxonomy":"section","embeddable":true,"href":"https:\/\/notes.math.ca\/fr\/wp-json\/wp\/v2\/section?post=12357"},{"taxonomy":"keyword","embeddable":true,"href":"https:\/\/notes.math.ca\/fr\/wp-json\/wp\/v2\/keyword?post=12357"}],"curies":[{"name":"wp","href":"https:\/\/api.w.org\/{rel}","templated":true}]}}