{"id":12537,"date":"2022-03-07T12:24:13","date_gmt":"2022-03-07T17:24:13","guid":{"rendered":"https:\/\/notes.math.ca\/article\/call-for-nominations-2023-jeffery-williams-prize\/"},"modified":"2022-03-07T18:04:08","modified_gmt":"2022-03-07T23:04:08","slug":"call-for-nominations-2023-jeffery-williams-prize","status":"publish","type":"article","link":"https:\/\/notes.math.ca\/fr\/article\/call-for-nominations-2023-jeffery-williams-prize\/","title":{"rendered":"Appel de candidatures : Prix Jeffery-Williams 2023"},"content":{"rendered":"\n<h1 class=\"wp-block-heading\">Informations sur la mise en candidature<\/h1>\n\n\n\n<p><a href=\"https:\/\/smc.math.ca\/prix\/prix-jeffery-williams\/\">Prix Jeffery-Williams<\/a><\/p>\n\n\n\n<p>Le&nbsp;<a href=\"https:\/\/proto.smc.math.ca\/prix\/prix-jeffery-williams\/\">Prix Jeffery-Williams<\/a>&nbsp;rend hommage aux math\u00e9maticien.ne.s ayant fait une contribution exceptionnelle et soutenues \u00e0 la recherche math\u00e9matique.<\/p>\n\n\n\n<figure class=\"wp-block-table\"><table><tbody><tr><td><\/td><td>Nous acceptons actuellement les mises en candidature pour le prix 2023.<br>Date limite : 30 septembre<\/td><\/tr><\/tbody><\/table><\/figure>\n\n\n\n<p>La personne choisie prononcera sa conf\u00e9rence \u00e0 la R\u00e9union d\u2019\u00e9t\u00e9 de la SMC. Cette personne doit \u00eatre membre de la communaut\u00e9 math\u00e9matique canadienne. Toute mise en candidature est modifiable et demeurera active pendant trois ans.<\/p>\n\n\n\n<p>La SMC a pour but de promouvoir et de c\u00e9l\u00e9brer la diversit\u00e9 au sens le plus large. Nous encourageons fortement les directrices et les directeurs de d\u00e9partements et les comit\u00e9s de mise en candidature \u00e0 proposer des coll\u00e8gues exceptionnel.le.s pour la recherche dans les sciences math\u00e9matiques sans distinction de race, de genre, d\u2019appartenance ethnique ou d\u2019orientation sexuelle. Une personne peut \u00eatre mise en candidature pour plus d\u2019un prix de recherche dans les cat\u00e9gories applicables ; plusieurs candidat.e.s d\u2019un m\u00eame institut peuvent \u00eatre nomm\u00e9.e.s pour le m\u00eame prix de recherche.<\/p>\n\n\n\n<p>Les prix de recherche de la SMC sont ouverts \u00e0 tous, \u00e0 l\u2019exception du prix Krieger-Nelson, qui est d\u00e9cern\u00e9 uniquement aux femmes et aux personnes qui s\u2019identifient au genre f\u00e9minin. Les candidatures des femmes et des personnes qui s\u2019identifient au genre f\u00e9minin \u00e9ligibles pour les prix de recherche g\u00e9n\u00e9raux en plus du prix Krieger-Nelson sont fortement encourag\u00e9es.<\/p>\n\n\n\n<p>Le comit\u00e9 de recherche de la SMC se r\u00e9serve le droit d\u2019envisager une nomination pour l\u2019un des trois prix de recherche pour tout autre prix applicable.<\/p>\n\n\n\n<p>La date limite de mises en candidature est indiqu\u00e9e ci-dessus. Veuillez faire parvenir les mises en candidature et les lettres de r\u00e9f\u00e9rence par voie \u00e9lectronique, de pr\u00e9f\u00e9rence en format PDF,&nbsp;<strong>avant la date limite<\/strong>&nbsp;\u00e0 :&nbsp;<a href=\"mailto:prixjw@smc.math.ca\">prixjw@smc.math.ca<\/a>.<\/p>\n\n\n\n<p>Les proposant.e.s doivent faire parvenir trois lettres de r\u00e9f\u00e9rence \u00e0 la SMC directement (<a href=\"mailto:prixjw@smc.math.ca\">prixjw@smc.math.ca<\/a>) avant la date limite.&nbsp; Nous vous incitons fortement \u00e0 fournir des r\u00e9f\u00e9rences ind\u00e9pendantes. Le dossier de candidature doit comprendre les noms des r\u00e9f\u00e9rences ainsi qu\u2019un curriculum vitae r\u00e9cent du candidat.e, dans la mesure du possible.<\/p>\n","protected":false},"author":9,"template":"","section":[65],"keyword":[],"class_list":["post-12537","article","type-article","status-publish","hentry","section-appel-de-candidatures"],"toolset-meta":{"author-4-info":{"author-4-surname":{"type":"textfield","raw":""},"author-4-given-names":{"type":"textfield","raw":""},"author-4-honorific":{"type":"textfield","raw":""},"author-4-institution":{"type":"textfield","raw":""},"author-4-email":{"type":"email","raw":""},"author-4-cms-role":{"type":"textfield","raw":""}},"author-3-info":{"author-3-surname":{"type":"textfield","raw":""},"author-3-given-names":{"type":"textfield","raw":""},"author-3-honorific":{"type":"textfield","raw":""},"author-3-institution":{"type":"textfield","raw":""},"author-3-email":{"type":"email","raw":""},"author-3-cms-role":{"type":"textfield","raw":""}},"author-2-info":{"author-2-surname":{"type":"textfield","raw":""},"author-2-given-names":{"type":"textfield","raw":""},"author-2-honorific":{"type":"textfield","raw":""},"author-2-institution":{"type":"textfield","raw":""},"author-2-email":{"type":"email","raw":""},"author-2-cms-role":{"type":"textfield","raw":""}},"author-info":{"author-surname":{"type":"textfield","raw":""},"author-given-names":{"type":"textfield","raw":""},"author-honorific":{"type":"textfield","raw":""},"author-email":{"type":"email","raw":""},"author-institution":{"type":"textfield","raw":""},"author-cms-role":{"type":"textfield","raw":""}},"unknown":{"downloadable-pdf":{"type":"file","raw":"https:\/\/notes.math.ca\/wp-content\/uploads\/2022\/03\/Jeffery-WilliamsFR.pdf","attachment_id":12542},"article-toc-weight":{"type":"numeric","raw":"98"},"author-surname":{"type":"textfield","raw":""},"author-given-names":{"type":"textfield","raw":""}}},"_links":{"self":[{"href":"https:\/\/notes.math.ca\/fr\/wp-json\/wp\/v2\/article\/12537","targetHints":{"allow":["GET"]}}],"collection":[{"href":"https:\/\/notes.math.ca\/fr\/wp-json\/wp\/v2\/article"}],"about":[{"href":"https:\/\/notes.math.ca\/fr\/wp-json\/wp\/v2\/types\/article"}],"author":[{"embeddable":true,"href":"https:\/\/notes.math.ca\/fr\/wp-json\/wp\/v2\/users\/9"}],"version-history":[{"count":3,"href":"https:\/\/notes.math.ca\/fr\/wp-json\/wp\/v2\/article\/12537\/revisions"}],"predecessor-version":[{"id":12541,"href":"https:\/\/notes.math.ca\/fr\/wp-json\/wp\/v2\/article\/12537\/revisions\/12541"}],"wp:attachment":[{"href":"https:\/\/notes.math.ca\/fr\/wp-json\/wp\/v2\/media?parent=12537"}],"wp:term":[{"taxonomy":"section","embeddable":true,"href":"https:\/\/notes.math.ca\/fr\/wp-json\/wp\/v2\/section?post=12537"},{"taxonomy":"keyword","embeddable":true,"href":"https:\/\/notes.math.ca\/fr\/wp-json\/wp\/v2\/keyword?post=12537"}],"curies":[{"name":"wp","href":"https:\/\/api.w.org\/{rel}","templated":true}]}}