{"id":12781,"date":"2022-03-17T12:48:32","date_gmt":"2022-03-17T16:48:32","guid":{"rendered":"https:\/\/notes.math.ca\/article\/call-for-speakers-at-2022-summer-meeting-sessions\/"},"modified":"2022-03-17T14:05:51","modified_gmt":"2022-03-17T18:05:51","slug":"call-for-speakers-at-2022-summer-meeting-sessions","status":"publish","type":"article","link":"https:\/\/notes.math.ca\/fr\/article\/call-for-speakers-at-2022-summer-meeting-sessions\/","title":{"rendered":"Appel aux conf\u00e9renciers pour les sessions de la R\u00e9union d\u2019\u00e9t\u00e9 2022 de la SMC"},"content":{"rendered":"\n<p>La Soci\u00e9t\u00e9 math\u00e9matique du Canada (SMC) vous invite \u00e0 soumettre un r\u00e9sum\u00e9 pour participer \u00e0 l\u2019une de nos sessions pr\u00e9vues pour la R\u00e9union d\u2019\u00e9t\u00e9 2022 de la SMC. La Soci\u00e9t\u00e9 math\u00e9matique du Canada a cr\u00e9\u00e9 un&nbsp;<a href=\"https:\/\/forms.gle\/FbdxSNXU1E8xT29m9\"><strong>processus ouvert pour la soumission des r\u00e9sum\u00e9s<\/strong><\/a>&nbsp;pour appuyer les organisateurs des sessions dans leurs importants travaux et efforts vers l\u2019inclusion et la diversit\u00e9. Nous encourageons les membres qui s\u2019identifient aux groupes traditionnellement sous-repr\u00e9sent\u00e9s \u00e0 poser leur candidature. Ceci comprend, mais n\u2019est pas limit\u00e9 aux personnes qui s\u2019identifient comme : Femmes, Autochtones, Noires, ayant des handicaps, membres des groupes raciaux minoritaires, et membres de la communaut\u00e9 LGBTQ+. La SMC appr\u00e9cie aussi les soumissions des \u00e9tudiants des 2e&nbsp;et 3e&nbsp;cycles.<\/p>\n\n\n\n<p>Les candidats doivent soumettre le r\u00e9sum\u00e9 de leur pr\u00e9sentation en remplissant&nbsp;<a href=\"https:\/\/forms.gle\/FbdxSNXU1E8xT29m9\">ce formulaire<\/a>. Pour de plus amples renseignements, les candidats peuvent se rendre au&nbsp;<a href=\"https:\/\/www2.cms.math.ca\/Reunions\/ete22\/sessions_scientific\">site web de la r\u00e9union<\/a>, qui comprend une liste avec un r\u00e9sum\u00e9 de chaque session. Ceci permettra aux candidats de voir toutes les informations sur une session avant d\u2019y faire une demande.<\/p>\n\n\n\n<p>Une fois que la date limite passe et l\u2019appel conclu, les organisateurs des sessions pourront choisir \u00e0 retenir et \u00e0 inviter des candidats selon les abstraits re\u00e7us. En plus, ils pourront s\u00e9lectionner des conf\u00e9renciers de la liste de pr\u00e9sentateurs potentiels comprise dans leur proposition. La SMC encourage les organisateurs \u00e0 inviter les conf\u00e9renciers appartenant aux groupes sous-repr\u00e9sent\u00e9s et les \u00e9tudiants de deuxi\u00e8me et troisi\u00e8me cycles qui n\u2019auraient pas normalement l\u2019occasion de parler aux r\u00e9unions de la SMC. Lorsque la pr\u00e9sentation est approuv\u00e9e, les conf\u00e9renciers doivent s\u2019inscrire \u00e0 la r\u00e9union afin de pouvoir soumettre leur r\u00e9sum\u00e9 au site web de la CMS.<\/p>\n\n\n\n<p>Apr\u00e8s la r\u00e9ception de la confirmation de sa pr\u00e9sentation, il faut que le candidat s\u2019inscrive \u00e0 la r\u00e9union afin de pouvoir soumettre leur abstrait au site web de la SMC. Veuillez noter que cette ann\u00e9e, gr\u00e2ce au&nbsp; financement de la Fondation RBC qui soutient notre initiative Combler l\u2019\u00e9cart, nous sommes capables d\u2019offrir une r\u00e9duction sur le prix d\u2019inscription pour nos membres et non-membres \u00e2g\u00e9s de 15 \u00e0 29 ans, qui s\u2019identifient aux groupes minoritaires mentionn\u00e9s ci-dessus.&nbsp;<\/p>\n\n\n\n<p>Les sessions scientifiques auront lieu du&nbsp;<strong>3 au 6 juin 2022<\/strong>.<\/p>\n\n\n\n<p>Les conf\u00e9renciers doivent soumettre leur r\u00e9sum\u00e9 aux organisateurs des sessions au plus tard&nbsp;<strong>vendredi 15 avril 2022<\/strong>.<\/p>\n\n\n\n<p>Les candidats retenus doivent soumettre leur r\u00e9sum\u00e9 \u00e0 la SMC avant&nbsp;<strong>mardi 10 mai 2022.<\/strong><\/p>\n\n\n\n<h5 class=\"wp-block-heading\"><strong>Financement pour les \u00e9tudiants (membres de la SMC) :&nbsp;<\/strong><\/h5>\n\n\n\n<p>\u00c0 l\u2019aide du soutien de&nbsp;<em>Memorial University<\/em>, Centre de recherches math\u00e9matiques (CRM),&nbsp;<em>Fields Institute,<\/em>&nbsp;et&nbsp;<em>Pacific Institute for the Mathematical Sciences (PIMS)<\/em>, les bourses sont disponibles pour aider les \u00e9tudiants des 2e&nbsp;et 3e&nbsp;cycles des universit\u00e9s canadiennes (ou des membres faisant des \u00e9tudes \u00e0 d\u2019autres universit\u00e9s) avec une partie des co\u00fbts associ\u00e9s au voyage et h\u00e9bergement pour participer \u00e0 la conf\u00e9rence. La pr\u00e9f\u00e9rence sera accord\u00e9e aux \u00e9tudiants canadiens.<\/p>\n\n\n\n<p>Les candidats doivent demander \u00e0 leur superviseur ou au responsable des \u00e9tudes sup\u00e9rieures de remplir&nbsp;<a href=\"https:\/\/summer22.cms.math.ca\/index.php\/financement-pour-les-etudiants\/\"><strong>le formulaire num\u00e9rique<\/strong><\/a>&nbsp;avant le&nbsp;<strong>30 avril 2022.<\/strong><\/p>\n\n\n\n<p>La SMC communiquera la d\u00e9cision du financement aux candidats apr\u00e8s la fermeture des soumissions. Si la candidature est retenue, l\u2019\u00e9tudiant recevra un ch\u00e8que de remboursement&nbsp;<strong>apr\u00e8s&nbsp;<\/strong>la r\u00e9union et&nbsp;<strong>une fois le Formulaire des frais de d\u00e9placement soumis avec les re\u00e7us appropri\u00e9s.<\/strong><\/p>\n\n\n\n<h5 class=\"wp-block-heading\"><strong>Directeurs scientifiques :<\/strong><\/h5>\n\n\n\n<p>Chunha Ou (Memorial) :&nbsp;<a href=\"mailto:ou@mun.ca\">ou@mun.ca<\/a><br>Marco Merkli (Memorial) :&nbsp;<a href=\"mailto:merkli@mun.ca\">merkli@mun.ca<\/a><br>Bureau de la SMC :&nbsp;<a href=\"mailto:meetings@cms.math.ca\">meetings@cms.math.ca<\/a><\/p>\n","protected":false},"author":9,"template":"","section":[66],"keyword":[],"class_list":["post-12781","article","type-article","status-publish","hentry","section-appels-de-propositions"],"toolset-meta":{"author-4-info":{"author-4-surname":{"type":"textfield","raw":""},"author-4-given-names":{"type":"textfield","raw":""},"author-4-honorific":{"type":"textfield","raw":""},"author-4-institution":{"type":"textfield","raw":""},"author-4-email":{"type":"email","raw":""},"author-4-cms-role":{"type":"textfield","raw":""}},"author-3-info":{"author-3-surname":{"type":"textfield","raw":""},"author-3-given-names":{"type":"textfield","raw":""},"author-3-honorific":{"type":"textfield","raw":""},"author-3-institution":{"type":"textfield","raw":""},"author-3-email":{"type":"email","raw":""},"author-3-cms-role":{"type":"textfield","raw":""}},"author-2-info":{"author-2-surname":{"type":"textfield","raw":""},"author-2-given-names":{"type":"textfield","raw":""},"author-2-honorific":{"type":"textfield","raw":""},"author-2-institution":{"type":"textfield","raw":""},"author-2-email":{"type":"email","raw":""},"author-2-cms-role":{"type":"textfield","raw":""}},"author-info":{"author-surname":{"type":"textfield","raw":""},"author-given-names":{"type":"textfield","raw":""},"author-honorific":{"type":"textfield","raw":""},"author-email":{"type":"email","raw":""},"author-institution":{"type":"textfield","raw":""},"author-cms-role":{"type":"textfield","raw":""}},"unknown":{"downloadable-pdf":{"type":"file","raw":"https:\/\/notes.math.ca\/wp-content\/uploads\/2022\/03\/Call-for-Speakers-22-SMtg-Sessions-1-1.pdf","attachment_id":12791},"article-toc-weight":{"type":"numeric","raw":"99"},"author-surname":{"type":"textfield","raw":""},"author-given-names":{"type":"textfield","raw":""}}},"_links":{"self":[{"href":"https:\/\/notes.math.ca\/fr\/wp-json\/wp\/v2\/article\/12781","targetHints":{"allow":["GET"]}}],"collection":[{"href":"https:\/\/notes.math.ca\/fr\/wp-json\/wp\/v2\/article"}],"about":[{"href":"https:\/\/notes.math.ca\/fr\/wp-json\/wp\/v2\/types\/article"}],"author":[{"embeddable":true,"href":"https:\/\/notes.math.ca\/fr\/wp-json\/wp\/v2\/users\/9"}],"version-history":[{"count":2,"href":"https:\/\/notes.math.ca\/fr\/wp-json\/wp\/v2\/article\/12781\/revisions"}],"predecessor-version":[{"id":12783,"href":"https:\/\/notes.math.ca\/fr\/wp-json\/wp\/v2\/article\/12781\/revisions\/12783"}],"wp:attachment":[{"href":"https:\/\/notes.math.ca\/fr\/wp-json\/wp\/v2\/media?parent=12781"}],"wp:term":[{"taxonomy":"section","embeddable":true,"href":"https:\/\/notes.math.ca\/fr\/wp-json\/wp\/v2\/section?post=12781"},{"taxonomy":"keyword","embeddable":true,"href":"https:\/\/notes.math.ca\/fr\/wp-json\/wp\/v2\/keyword?post=12781"}],"curies":[{"name":"wp","href":"https:\/\/api.w.org\/{rel}","templated":true}]}}