{"id":13398,"date":"2022-09-29T21:20:17","date_gmt":"2022-09-30T01:20:17","guid":{"rendered":"https:\/\/notes.math.ca\/article\/appel-de-candidatures-prix-cathleen-synge-morawetz-2023-2\/"},"modified":"2022-09-29T21:22:40","modified_gmt":"2022-09-30T01:22:40","slug":"appel-de-candidatures-prix-cathleen-synge-morawetz-2023-2","status":"publish","type":"article","link":"https:\/\/notes.math.ca\/fr\/article\/appel-de-candidatures-prix-cathleen-synge-morawetz-2023-2\/","title":{"rendered":"Appel de candidatures : Prix Cathleen Synge Morawetz 2023"},"content":{"rendered":"\n<h1 class=\"wp-block-heading\">Informations sur la mise en candidature<\/h1>\n\n\n\n<p><a href=\"https:\/\/smc.math.ca\/prix\/prix-cathleen-synge-morawetz\/\">Prix Cathleen Synge-Morawetz<\/a><\/p>\n\n\n<figure class=\"wp-block-table\">\n<table>\n<tbody>\n<tr>\n<td>\u00a0<\/td>\n<td>\n<table class=\"award_page_call_notice\">\n<tbody>\n<tr valign=\"middle\">\n<td class=\"award_page_call_notice_text\">\n<div class=\"award_page_call_notice_text\">\n<div class=\"award_page_call_notice_welcome\">Nous acceptons actuellement les mises en candidature pour le prix 2023.<\/div>\n<div class=\"award_page_call_deadline\">Date limite : 30 septembre<\/div>\n<\/div>\n<\/td>\n<\/tr>\n<\/tbody>\n<\/table>\n<\/td>\n<\/tr>\n<\/tbody>\n<\/table>\n<\/figure>\n\n\n<p>La SMC accepte les mises en candidature pour le prix Cathleen Synge-Morawetz. Le prix r\u00e9compense un ou plusieurs auteurs d\u2019un article de recherche exceptionnel ou d\u2019une s\u00e9rie d\u2019articles interreli\u00e9s et ax\u00e9s sur un m\u00eame sujet. Au minimum, un des candidats doit avoir des liens \u00e9troits avec la communaut\u00e9 math\u00e9matique canadienne. Les laur\u00e9ats recevront une plaque comm\u00e9morative de la part de la SMC.<\/p>\n\n\n\n<p>Le prix Cathleen Synge-Morawetz sera d\u00e9cern\u00e9 en alternance \u00e0 un ou plusieurs chercheurs dans les domaines suivants :<\/p>\n\n\n<p><ol>&#13;\n \t<li>La g\u00e9om\u00e9trie et la topologie\u00a0<em>(en 2021 et tous les six ans par la suite)<\/em>;<\/li>&#13;\n \t<li>La combinatoire, les math\u00e9matiques discr\u00e8tes, la logique et les fondements, et des aspects math\u00e9matiques de l\u2019informatique\u00a0<em>(en 2022 et tous les six ans par la suite)<\/em>;<\/li>&#13;\n \t<li>Les math\u00e9matiques appliqu\u00e9es, notamment, mais non exclusivement, l\u2019analyse num\u00e9rique et le calcul scientifique, la th\u00e9orie du contr\u00f4le et l\u2019optimisation et les applications des math\u00e9matiques en science et technologie\u00a0<em>(en 2023 et tous les six ans par la suite)<\/em>;<\/li>&#13;\n \t<li>Les probabilit\u00e9s et la physique math\u00e9matique\u00a0<em>(en 2024 et tous les six ans par la suite)<\/em>;<\/li>&#13;\n \t<li>L\u2019alg\u00e8bre, la th\u00e9orie des nombres, la g\u00e9om\u00e9trie alg\u00e9brique\u00a0<em>(en 2025 et tous les six ans par la suite)<\/em>;<\/li>&#13;\n \t<li>L\u2019analyse et les syst\u00e8mes dynamiques\u00a0<em>(en 2026 et tous les six ans par la suite)<\/em>.<\/li>&#13;\n<\/ol><\/p>\n\n\n<p>Les domaines susmentionn\u00e9s seront compris dans leur sens le plus large pour que les articles exceptionnels puissent \u00eatre consid\u00e9r\u00e9s sous au moins l\u2019une desdites cat\u00e9gories. Un article (ou une s\u00e9rie d\u2019articles) qui a eu un impact significatif sur plus d\u2019un des domaines \u00e9num\u00e9r\u00e9s peut \u00eatre nomin\u00e9 plusieurs fois au cours de six ann\u00e9es de l\u2019alternance. Le dossier de candidature doit cependant se baser sur un seul domaine plut\u00f4t que sur l\u2019ensemble d\u2019\u0153uvres du et de la candidat.e.<\/p>\n\n\n\n<p><strong><em>Le premier appel \u00e0 mise en candidature est destin\u00e9 aux auteurs d\u2019un article ou d\u2019une s\u00e9rie d\u2019articles li\u00e9s au domaine \u00e0 la g\u00e9om\u00e9trie et \u00e0 la topologie.<\/em><\/strong><\/p>\n\n\n\n<p>La SMC a pour but de promouvoir et de c\u00e9l\u00e9brer la diversit\u00e9 au sens le plus large.  Nous encourageons fortement les directeurs et les directrices de d\u00e9partement et les comit\u00e9s de mise en candidature \u00e0 proposer des coll\u00e8gues exceptionnels sans distinction de race, de genre, d\u2019appartenance ethnique ou d\u2019orientation sexuelle.<\/p>\n\n\n\n<p>Les propositions de mise en candidature doivent mettre en \u00e9vidence la publication exceptionnelle, ou une s\u00e9rie de publications exceptionnelles, sur laquelle se base la candidature tout en pr\u00e9sentant des preuves de son impact et son importance dans le domaine. La proposition de mise en candidature doit \u00e9num\u00e9rer les r\u00e9pondant.e.s et, si disponible, doit inclure un curriculum vitae r\u00e9cent du ou de la candidat.e. Jusqu\u2019\u00e0 trois lettres de recommandation \u00e0 l\u2019appui du ou de la candidat.e doivent \u00eatre envoy\u00e9es directement \u00e0 la SMC.<\/p>\n\n\n\n<p>Veuillez faire parvenir tous les documents par voie \u00e9lectronique, de pr\u00e9f\u00e9rence en format PDF,&nbsp;<strong>avant la date limite indiqu\u00e9 ci-dessus \u00e0<\/strong>&nbsp;<strong><a href=\"mailto:prixcsm@smc.math.ca\">prixcsm@smc.math.ca<\/a>.<\/strong><\/p>\n","protected":false},"author":9,"template":"","section":[59],"keyword":[78,75,136,226],"class_list":["post-13398","article","type-article","status-publish","hentry","section-calls-for-nominations","keyword-awards","keyword-calls","keyword-research","keyword-synge-morawetz"],"toolset-meta":{"author-4-info":{"author-4-surname":{"type":"textfield","raw":""},"author-4-given-names":{"type":"textfield","raw":""},"author-4-honorific":{"type":"textfield","raw":""},"author-4-institution":{"type":"textfield","raw":""},"author-4-email":{"type":"email","raw":""},"author-4-cms-role":{"type":"textfield","raw":""}},"author-3-info":{"author-3-surname":{"type":"textfield","raw":""},"author-3-given-names":{"type":"textfield","raw":""},"author-3-honorific":{"type":"textfield","raw":""},"author-3-institution":{"type":"textfield","raw":""},"author-3-email":{"type":"email","raw":""},"author-3-cms-role":{"type":"textfield","raw":""}},"author-2-info":{"author-2-surname":{"type":"textfield","raw":""},"author-2-given-names":{"type":"textfield","raw":""},"author-2-honorific":{"type":"textfield","raw":""},"author-2-institution":{"type":"textfield","raw":""},"author-2-email":{"type":"email","raw":""},"author-2-cms-role":{"type":"textfield","raw":""}},"author-info":{"author-surname":{"type":"textfield","raw":""},"author-given-names":{"type":"textfield","raw":""},"author-honorific":{"type":"textfield","raw":""},"author-email":{"type":"email","raw":""},"author-institution":{"type":"textfield","raw":""},"author-cms-role":{"type":"textfield","raw":""}},"unknown":{"downloadable-pdf":{"type":"file","raw":"https:\/\/notes.math.ca\/wp-content\/uploads\/2022\/09\/Appel_CSM_Sept2022.pdf","attachment_id":13401},"article-toc-weight":{"type":"numeric","raw":"90"},"author-surname":{"type":"textfield","raw":""},"author-given-names":{"type":"textfield","raw":""}}},"_links":{"self":[{"href":"https:\/\/notes.math.ca\/fr\/wp-json\/wp\/v2\/article\/13398","targetHints":{"allow":["GET"]}}],"collection":[{"href":"https:\/\/notes.math.ca\/fr\/wp-json\/wp\/v2\/article"}],"about":[{"href":"https:\/\/notes.math.ca\/fr\/wp-json\/wp\/v2\/types\/article"}],"author":[{"embeddable":true,"href":"https:\/\/notes.math.ca\/fr\/wp-json\/wp\/v2\/users\/9"}],"version-history":[{"count":2,"href":"https:\/\/notes.math.ca\/fr\/wp-json\/wp\/v2\/article\/13398\/revisions"}],"predecessor-version":[{"id":13400,"href":"https:\/\/notes.math.ca\/fr\/wp-json\/wp\/v2\/article\/13398\/revisions\/13400"}],"wp:attachment":[{"href":"https:\/\/notes.math.ca\/fr\/wp-json\/wp\/v2\/media?parent=13398"}],"wp:term":[{"taxonomy":"section","embeddable":true,"href":"https:\/\/notes.math.ca\/fr\/wp-json\/wp\/v2\/section?post=13398"},{"taxonomy":"keyword","embeddable":true,"href":"https:\/\/notes.math.ca\/fr\/wp-json\/wp\/v2\/keyword?post=13398"}],"curies":[{"name":"wp","href":"https:\/\/api.w.org\/{rel}","templated":true}]}}