{"id":13443,"date":"2022-09-29T22:13:04","date_gmt":"2022-09-30T02:13:04","guid":{"rendered":"https:\/\/notes.math.ca\/article\/appel-dinteret-pour-devenir-membre-dun-comite-de-la-smc\/"},"modified":"2022-10-20T07:18:26","modified_gmt":"2022-10-20T11:18:26","slug":"appel-dinteret-pour-devenir-membre-dun-comite-de-la-smc","status":"publish","type":"article","link":"https:\/\/notes.math.ca\/fr\/article\/appel-dinteret-pour-devenir-membre-dun-comite-de-la-smc\/","title":{"rendered":"Appel d&rsquo;int\u00e9r\u00eat pour devenir membre d&rsquo;un comit\u00e9 de la SMC"},"content":{"rendered":"<p><strong>Rejoignez un comit\u00e9 de la SMC !<\/strong><br \/>\nAppel d&rsquo;int\u00e9r\u00eat pour devenir membre d&rsquo;un comit\u00e9 de la SMC<\/p>\n<p>Le Comit\u00e9 des mises en candidature de la Soci\u00e9t\u00e9 math\u00e9matique du Canada invite les personnes int\u00e9ress\u00e9es \u00e0 devenir membres des comit\u00e9s suivants. Les membres des comit\u00e9s de la SMC doivent \u00eatre membres de la SMC, mais les candidats ne doivent pas n\u00e9cessairement \u00eatre membres actuels. Les mandats d\u00e9butent le 1er janvier 2023 et sont d&rsquo;une dur\u00e9e de 3 ans.<\/p>\n<p><span style=\"text-decoration: underline;\">Postes vacants actuels et \u00e0 venir au sein des comit\u00e9s<\/span><\/p>\n<ul>\n<li>Comit\u00e9 d&rsquo;\u00e9ducation : 1 poste vacant (Atlantique)<\/li>\n<li>Comit\u00e9 sur l&rsquo;\u00e9quit\u00e9, la diversit\u00e9 et l&rsquo;inclusion : 3 postes vacants<\/li>\n<li>Comit\u00e9 des droits des hommes et des femmes : 4 postes vacants<\/li>\n<li>Affaires internationales : 2 postes vacants<\/li>\n<li>Prix international : 5 postes vacants<\/li>\n<li>Fonds investis : 1 poste vacant<\/li>\n<li>Publications : 1 poste vacant<\/li>\n<li>R\u00e9conciliation en Math\u00e9matiques : 1 poste vacant (Qu\u00e9bec)<\/li>\n<li>Recherche : 3 postes vacants<\/li>\n<li>Femmes en math\u00e9matiques : 3 postes vacants (Ouest, Qu\u00e9bec, Est)<\/li>\n<\/ul>\n<p>Les termes de r\u00e9f\u00e9rence de chaque comit\u00e9 sont disponibles <a href=\"https:\/\/www2.cms.math.ca\/Docs\/Terms\/TofRef\/\">ici.<\/a><\/p>\n<p><span style=\"text-decoration: underline;\">Comment manifester votre int\u00e9r\u00eat<\/span><\/p>\n<p>Veuillez envoyer une lettre d&rsquo;int\u00e9r\u00eat \u00e0 chair-nomc@cms.math.ca avec les informations suivantes :<\/p>\n<ol>\n<li>Votre nom<\/li>\n<li>Votre stade de carri\u00e8re<\/li>\n<li>Votre affiliation universitaire ou institutionnelle actuelle<\/li>\n<li>Nom du ou des comit\u00e9s que vous souhaitez rejoindre<\/li>\n<li>Expression d&rsquo;int\u00e9r\u00eat pour le(s) comit\u00e9(s) en question : Pourquoi vous voulez faire partie de cette commission, ou ce que vous feriez au sein de cette commission (cela peut \u00eatre bref si vous avez une vision claire, ou plus long si n\u00e9cessaire).<\/li>\n<li>Pour les affaires internationales, les publications et la recherche, veuillez \u00e9galement indiquer votre domaine de recherche.<\/li>\n<\/ol>\n<p>Les candidats sont encourag\u00e9s \u00e0 s&rsquo;auto-identifier. Ces informations seront utilis\u00e9es par le comit\u00e9 de nomination pour s&rsquo;assurer que les comit\u00e9s sont diversifi\u00e9s dans leur repr\u00e9sentation. Les informations peuvent \u00e9galement \u00eatre utilis\u00e9es dans leur ensemble pour rendre compte des initiatives d&rsquo;\u00e9quit\u00e9, de diversit\u00e9 et d&rsquo;inclusion de la CMS. Les informations fournies resteront confidentielles.<\/p>\n<p><strong>Veuillez soumettre votre lettre au plus tard le 18 novembre 2022.<\/strong><\/p>\n<p><span style=\"text-decoration: underline;\">Qui devrait postuler<\/span><\/p>\n<p>Nous encourageons tout le monde \u00e0 envisager de devenir un membre engag\u00e9 d&rsquo;un comit\u00e9 de la SMC, mais nous souhaitons particuli\u00e8rement la bienvenue aux personnes qui n&rsquo;ont jamais travaill\u00e9 pour la SMC, ou qui s&rsquo;identifient \u00e0 des groupes historiquement exclus, sont en relation avec eux ou ont de l&rsquo;exp\u00e9rience avec eux :<\/p>\n<ul>\n<li>Personnes racialis\u00e9es, noires et\/ou de couleur (\u00ab\u00a0minorit\u00e9s visibles\u00a0\u00bb)<\/li>\n<li>Personnes handicap\u00e9es (y compris les handicaps invisibles et \u00e9pisodiques)<\/li>\n<li>2SLGBTQIA+ et\/ou personnes ayant une diversit\u00e9 de genre et de sexualit\u00e9<br \/>\nles peuples \u00ab\u00a0autochtones\u00a0\u00bb et\/ou indig\u00e8nes (peuples des Premi\u00e8res nations, nation m\u00e9tisse et inuit)<\/li>\n<\/ul>\n<p><span style=\"text-decoration: underline;\">Femmes<\/span><br \/>\nSi vous \u00eates enthousiaste \u00e0 l&rsquo;id\u00e9e de participer aux activit\u00e9s de la SMC mais que vous n&rsquo;\u00eates pas certain que vos exp\u00e9riences pass\u00e9es correspondent parfaitement \u00e0 un r\u00f4le ou \u00e0 un comit\u00e9 donn\u00e9, le comit\u00e9 des candidatures vous encourage \u00e0 exprimer votre int\u00e9r\u00eat.<\/p>\n<p><span style=\"text-decoration: underline;\">D\u00e9termination des membres<\/span><\/p>\n<p>Chaque comit\u00e9 de la SMC fonctionne selon ses propres termes de r\u00e9f\u00e9rence. Le comit\u00e9 de nomination tiendra compte de la composition actuelle de chaque comit\u00e9 et de son mandat lors de la s\u00e9lection des personnes \u00e0 nommer. Une fois la personne nomm\u00e9e, l&rsquo;approbation de l&rsquo;ex\u00e9cutif et du Conseil de la SMC est requise avant sa nomination.<\/p>\n<p><span style=\"text-decoration: underline;\">Commentaires<\/span><\/p>\n<p>Les commentaires sur cette nouvelle approche et les suggestions sur la fa\u00e7on de faire progresser la repr\u00e9sentation diversifi\u00e9e au sein des comit\u00e9s de la SMC sont les bienvenus. Veuillez envoyer vos commentaires et suggestions \u00e0 : chair-nomc@cms.math.ca.<\/p>\n<p><span style=\"text-decoration: underline;\">Un dernier coup de pouce<\/span><\/p>\n<p>Si vous avez toujours voulu vous impliquer davantage dans la SMC ou si vous souhaitez d\u00e9fendre une cause ou une activit\u00e9 particuli\u00e8re, veuillez soumettre une lettre d&rsquo;int\u00e9r\u00eat pour devenir membre d&rsquo;un comit\u00e9 de la SMC. Parfois, les gens h\u00e9sitent \u00e0 se mettre en avant, ou ont simplement besoin d&rsquo;encouragement ou de soutien, qu&rsquo;ils soient \u00e9tudiants, post-docs ou v\u00e9t\u00e9rans \u00e9tablis. Si vous connaissez quelqu&rsquo;un qui pourrait \u00eatre un bon candidat pour un comit\u00e9 de la SMC, veuillez l&rsquo;encourager \u00e0 soumettre une lettre d&rsquo;int\u00e9r\u00eat. <strong>Participez \u00e0 la construction d&rsquo;une communaut\u00e9 math\u00e9matique plus forte !<\/strong><\/p>\n","protected":false},"author":9,"template":"","section":[59],"keyword":[75,373],"class_list":["post-13443","article","type-article","status-publish","hentry","section-calls-for-nominations","keyword-calls","keyword-committees"],"toolset-meta":{"author-4-info":{"author-4-surname":{"type":"textfield","raw":""},"author-4-given-names":{"type":"textfield","raw":""},"author-4-honorific":{"type":"textfield","raw":""},"author-4-institution":{"type":"textfield","raw":""},"author-4-email":{"type":"email","raw":""},"author-4-cms-role":{"type":"textfield","raw":""}},"author-3-info":{"author-3-surname":{"type":"textfield","raw":""},"author-3-given-names":{"type":"textfield","raw":""},"author-3-honorific":{"type":"textfield","raw":""},"author-3-institution":{"type":"textfield","raw":""},"author-3-email":{"type":"email","raw":""},"author-3-cms-role":{"type":"textfield","raw":""}},"author-2-info":{"author-2-surname":{"type":"textfield","raw":""},"author-2-given-names":{"type":"textfield","raw":""},"author-2-honorific":{"type":"textfield","raw":""},"author-2-institution":{"type":"textfield","raw":""},"author-2-email":{"type":"email","raw":""},"author-2-cms-role":{"type":"textfield","raw":""}},"author-info":{"author-surname":{"type":"textfield","raw":""},"author-given-names":{"type":"textfield","raw":""},"author-honorific":{"type":"textfield","raw":""},"author-email":{"type":"email","raw":""},"author-institution":{"type":"textfield","raw":""},"author-cms-role":{"type":"textfield","raw":""}},"unknown":{"downloadable-pdf":{"type":"file","raw":"https:\/\/notes.math.ca\/wp-content\/uploads\/2022\/09\/Appel_Com_Sept2022.pdf","attachment_id":13445},"article-toc-weight":{"type":"numeric","raw":"90"},"author-surname":{"type":"textfield","raw":""},"author-given-names":{"type":"textfield","raw":""}}},"_links":{"self":[{"href":"https:\/\/notes.math.ca\/fr\/wp-json\/wp\/v2\/article\/13443","targetHints":{"allow":["GET"]}}],"collection":[{"href":"https:\/\/notes.math.ca\/fr\/wp-json\/wp\/v2\/article"}],"about":[{"href":"https:\/\/notes.math.ca\/fr\/wp-json\/wp\/v2\/types\/article"}],"author":[{"embeddable":true,"href":"https:\/\/notes.math.ca\/fr\/wp-json\/wp\/v2\/users\/9"}],"version-history":[{"count":2,"href":"https:\/\/notes.math.ca\/fr\/wp-json\/wp\/v2\/article\/13443\/revisions"}],"predecessor-version":[{"id":13474,"href":"https:\/\/notes.math.ca\/fr\/wp-json\/wp\/v2\/article\/13443\/revisions\/13474"}],"wp:attachment":[{"href":"https:\/\/notes.math.ca\/fr\/wp-json\/wp\/v2\/media?parent=13443"}],"wp:term":[{"taxonomy":"section","embeddable":true,"href":"https:\/\/notes.math.ca\/fr\/wp-json\/wp\/v2\/section?post=13443"},{"taxonomy":"keyword","embeddable":true,"href":"https:\/\/notes.math.ca\/fr\/wp-json\/wp\/v2\/keyword?post=13443"}],"curies":[{"name":"wp","href":"https:\/\/api.w.org\/{rel}","templated":true}]}}