{"id":13452,"date":"2022-09-29T22:51:40","date_gmt":"2022-09-30T02:51:40","guid":{"rendered":"https:\/\/notes.math.ca\/article\/pourquoi-o-dieux-celestes\/"},"modified":"2022-09-29T22:54:06","modified_gmt":"2022-09-30T02:54:06","slug":"pourquoi-o-dieux-celestes","status":"publish","type":"article","link":"https:\/\/notes.math.ca\/fr\/article\/pourquoi-o-dieux-celestes\/","title":{"rendered":"\u00ab Pourquoi, \u00f4 dieux c\u00e9lestes&#8230;  \u00bb"},"content":{"rendered":"<p>\u00ab\u00a0Ah, pourquoi, \u00f4 Dieux c\u00e9lestes, deux et deux feraient-ils quatre ?\u00a0\u00bb demande Alexander Pope dans le livre 2 de ses <em>Dunciad<\/em>. Malheureusement, il semble que de nombreux gouvernements commencent \u00e0 se poser la m\u00eame question au sujet des math\u00e9matiques simples de la pand\u00e9mie de la COVID-19 ; et, en effet, il y a des signes qu&rsquo;ils ont d\u00e9cid\u00e9 entre eux que peut-\u00eatre deux et deux ne doivent<em> pas<\/em> faire quatre \u00e0 moins que cela ne soit pratique.<\/p>\n<p>Pendant longtemps, le Canada &#8211; et les provinces de l&rsquo;Atlantique en particulier &#8211; ont plut\u00f4t bien r\u00e9ussi \u00e0 faire comme si les mod\u00e8les math\u00e9matiques simples que l&rsquo;on enseigne dans un premier cours d&rsquo;\u00e9quations diff\u00e9rentielles &#8211; ou m\u00eame dans un deuxi\u00e8me cours de calcul si on a le temps &#8211; signifiaient ce qu&rsquo;ils disent. Si une personne atteinte d&rsquo;une maladie a une certaine probabilit\u00e9 de la transmettre et une certaine probabilit\u00e9 d&rsquo;en mourir, nous pouvons construire un mod\u00e8le approximatif du r\u00e9sultat. Et, m\u00eame si nous savons que la r\u00e9alit\u00e9 est plus compliqu\u00e9e, il devrait \u00eatre clair pour nous que si l&rsquo;un des param\u00e8tres n&rsquo;a pas la valeur z\u00e9ro, le fait de r\u00e9duire l&rsquo;un ou l&rsquo;autre sauvera des vies. En 2020, face \u00e0 quelques d\u00e9c\u00e8s par million et par semaine, et avec un contr\u00f4le terriblement faible sur le taux de l\u00e9talit\u00e9, nous avons travaill\u00e9 dur pour maintenir les taux de transmission \u00e0 un niveau bas. Nous portions des masques, nous nous isolions (selon la loi), et la plupart d&rsquo;entre nous se faisaient vacciner quand ils le pouvaient. Nos gouvernements ont fait de nous des partenaires dans ce processus en partageant les donn\u00e9es et en nous encourageant \u00e0 nous faire tester fr\u00e9quemment. Et, en cons\u00e9quence, les taux de mortalit\u00e9 canadiens \u00e9taient, pour la plupart, admirablement bas.<\/p>\n<p>Maintenant, pour v\u00e9rifier qu&rsquo;une classe a bien compris la le\u00e7on, nous lui demandons parfois de travailler sur le m\u00eame probl\u00e8me avec de nouveaux param\u00e8tres. La variante Omicron, associ\u00e9e \u00e0 une vaccination g\u00e9n\u00e9ralis\u00e9e, a permis de r\u00e9duire consid\u00e9rablement le taux de l\u00e9talit\u00e9. Mais elle est beaucoup, beaucoup plus transmissible. Le nombre de cas au d\u00e9but de cette ann\u00e9e \u00e9tait cinq fois plus \u00e9lev\u00e9 qu&rsquo;au pic des premi\u00e8res vagues ; et les taux de mortalit\u00e9 \u00e9taient comparables \u00e0 ceux de ces premi\u00e8res vagues. Contrairement \u00e0 d&rsquo;autres vagues, celle-ci n&rsquo;est pas termin\u00e9e, bien qu&rsquo;elle ait diminu\u00e9 : nous constatons encore environ cinq d\u00e9c\u00e8s li\u00e9s au COVID par million et par semaine &#8211; au milieu de l&rsquo;\u00e9t\u00e9. C&rsquo;est environ cinq fois plus que ce que nous avons observ\u00e9 au cours des \u00e9t\u00e9s 2020 et 2021, et le COVID-19 a jusqu&rsquo;\u00e0 pr\u00e9sent \u00e9t\u00e9 saisonnier. Il est clair que les m\u00eames pr\u00e9cautions sont encore n\u00e9cessaires &#8211; ou des milliers d&rsquo;autres pourraient mourir cet hiver.<\/p>\n<p>Mais quelles ont \u00e9t\u00e9 les r\u00e9actions de nos diff\u00e9rents gouvernements ? Les tests ont \u00e9t\u00e9 r\u00e9duits, les informations deviennent plus difficiles \u00e0 obtenir et, dans la plupart des endroits, il n&rsquo;y a plus de mandat d&rsquo;isolement ou de port de masque. Ce qui est une mani\u00e8re polie de dire qu&rsquo;il est maintenant tout \u00e0 fait l\u00e9gal, si vous avez le COVID-19, d&rsquo;aller dans un lieu public bond\u00e9 et de le propager sciemment \u00e0 d&rsquo;autres personnes ; et m\u00eame les personnes responsables ont une chance accrue de transmettre le virus involontairement.<\/p>\n<p>Les gouvernements vont-ils r\u00e9tablir les r\u00e8gles qui ont sauv\u00e9 tant de vies ces derni\u00e8res ann\u00e9es ? Cela semble peu probable. Cependant, il a \u00e9t\u00e9 annonc\u00e9 r\u00e9cemment que l&rsquo;Universit\u00e9 Saint Francis Xavier exigera le port du masque \u00e0 l&rsquo;automne, lorsque ses \u00e9tudiants se retrouveront sur le campus, venant de tout le pays et du monde entier. Peut-\u00eatre que ceux d&rsquo;entre nous qui travaillent dans d&rsquo;autres universit\u00e9s peuvent encourager leurs employeurs \u00e0 faire de m\u00eame ? Si ce n&rsquo;est pas le cas, nous ferions mieux de pr\u00e9parer notre mat\u00e9riel pour l&rsquo;enseignement en ligne lorsque la prochaine vague d\u00e9ferlera.<\/p>\n","protected":false},"author":9,"template":"","section":[15],"keyword":[375,376,374,377,378],"class_list":["post-13452","article","type-article","status-publish","hentry","section-editorial","keyword-alexander-pope","keyword-data","keyword-editorial","keyword-mandates","keyword-university"],"toolset-meta":{"author-4-info":{"author-4-surname":{"type":"textfield","raw":""},"author-4-given-names":{"type":"textfield","raw":""},"author-4-honorific":{"type":"textfield","raw":""},"author-4-institution":{"type":"textfield","raw":""},"author-4-email":{"type":"email","raw":""},"author-4-cms-role":{"type":"textfield","raw":""}},"author-3-info":{"author-3-surname":{"type":"textfield","raw":""},"author-3-given-names":{"type":"textfield","raw":""},"author-3-honorific":{"type":"textfield","raw":""},"author-3-institution":{"type":"textfield","raw":""},"author-3-email":{"type":"email","raw":""},"author-3-cms-role":{"type":"textfield","raw":""}},"author-2-info":{"author-2-surname":{"type":"textfield","raw":""},"author-2-given-names":{"type":"textfield","raw":""},"author-2-honorific":{"type":"textfield","raw":""},"author-2-institution":{"type":"textfield","raw":""},"author-2-email":{"type":"email","raw":""},"author-2-cms-role":{"type":"textfield","raw":""}},"author-info":{"author-surname":{"type":"textfield","raw":"Dawson"},"author-given-names":{"type":"textfield","raw":"Robert"},"author-honorific":{"type":"textfield","raw":""},"author-email":{"type":"email","raw":"dawson@cs.smu.ca"},"author-institution":{"type":"textfield","raw":"Saint Mary's University"},"author-cms-role":{"type":"textfield","raw":"Editor-in-Chief, CMS Notes"}},"unknown":{"downloadable-pdf":{"type":"file","raw":"https:\/\/notes.math.ca\/wp-content\/uploads\/2022\/09\/Editorial_Sept2022.pdf","attachment_id":13454},"article-toc-weight":{"type":"numeric","raw":"2"},"author-surname":{"type":"textfield","raw":"Dawson"},"author-given-names":{"type":"textfield","raw":"Robert"}}},"_links":{"self":[{"href":"https:\/\/notes.math.ca\/fr\/wp-json\/wp\/v2\/article\/13452","targetHints":{"allow":["GET"]}}],"collection":[{"href":"https:\/\/notes.math.ca\/fr\/wp-json\/wp\/v2\/article"}],"about":[{"href":"https:\/\/notes.math.ca\/fr\/wp-json\/wp\/v2\/types\/article"}],"author":[{"embeddable":true,"href":"https:\/\/notes.math.ca\/fr\/wp-json\/wp\/v2\/users\/9"}],"version-history":[{"count":1,"href":"https:\/\/notes.math.ca\/fr\/wp-json\/wp\/v2\/article\/13452\/revisions"}],"predecessor-version":[{"id":13453,"href":"https:\/\/notes.math.ca\/fr\/wp-json\/wp\/v2\/article\/13452\/revisions\/13453"}],"wp:attachment":[{"href":"https:\/\/notes.math.ca\/fr\/wp-json\/wp\/v2\/media?parent=13452"}],"wp:term":[{"taxonomy":"section","embeddable":true,"href":"https:\/\/notes.math.ca\/fr\/wp-json\/wp\/v2\/section?post=13452"},{"taxonomy":"keyword","embeddable":true,"href":"https:\/\/notes.math.ca\/fr\/wp-json\/wp\/v2\/keyword?post=13452"}],"curies":[{"name":"wp","href":"https:\/\/api.w.org\/{rel}","templated":true}]}}