{"id":13481,"date":"2022-11-24T11:01:14","date_gmt":"2022-11-24T16:01:14","guid":{"rendered":"https:\/\/notes.math.ca\/article\/why-i-support-my-society\/"},"modified":"2022-11-25T13:29:03","modified_gmt":"2022-11-25T18:29:03","slug":"why-i-support-my-society","status":"publish","type":"article","link":"https:\/\/notes.math.ca\/fr\/article\/why-i-support-my-society\/","title":{"rendered":"Pourquoi je soutiens ma Soci\u00e9t\u00e9"},"content":{"rendered":"\n<p><em>\u00c0 Alan Kelm, une \u00e2me ch\u00e8re dont le d\u00e9vouement \u00e0 la SMC \u00e9tait sans limite<\/em><\/p>\n\n\n\n<p>Il semble appropri\u00e9 de rendre hommage \u00e0 notre cher coll\u00e8gue regrett\u00e9 &#8211; le gourou informatique de la SMC &#8211; pour r\u00e9fl\u00e9chir \u00e0 la fa\u00e7on dont j&rsquo;ai soutenu ma Soci\u00e9t\u00e9 au fil des ans et aux raisons de ce soutien.&nbsp;<\/p>\n\n\n\n<p>Pendant mes \u00e9tudes sup\u00e9rieures aux \u00c9tats-Unis, j&rsquo;avais re\u00e7u une adh\u00e9sion gratuite \u00e0 l&rsquo;American Mathematical Society et j&rsquo;ai appris l&rsquo;existence d&rsquo;une communaut\u00e9 plus vaste dont je n&rsquo;avais jamais imagin\u00e9 l&rsquo;existence. Il \u00e9tait naturel pour moi de m&rsquo;inscrire \u00e0 la SMC, puis \u00e0 l&rsquo;Association pour les Femmes en math\u00e9matiques (AWM) ; cela m&rsquo;a donn\u00e9 une identit\u00e9, m\u00eame si je ne savais pas encore si j&rsquo;avais m\u00e9rit\u00e9 le titre de \u00ab\u00a0math\u00e9maticienne\u00a0\u00bb.<\/p>\n\n\n<div class=\"wp-block-image\">\n<figure class=\"alignleft size-full is-resized\"><img decoding=\"async\" src=\"https:\/\/notes.math.ca\/wp-content\/uploads\/2022\/11\/CMS-webbanner.gif\" alt=\"\" class=\"wp-image-13489\" width=\"339\" height=\"108\"\/><\/figure>\n<\/div>\n\n\n<p>Pendant de nombreuses ann\u00e9es, alors que j&rsquo;\u00e9tablissais en parall\u00e8le ma carri\u00e8re et ma famille, mon adh\u00e9sion \u00e0 la SMC a \u00e9t\u00e9 un merveilleux accessoire : je lisais parfois les Notes pour y trouver des nouvelles de ma profession, et j&rsquo;attendais toujours avec impatience de voir quelles sessions \u00e9taient pr\u00e9vues lors des r\u00e9unions semestrielles, au cas o\u00f9 je pourrais y assister. Au sein de mon d\u00e9partement, j&rsquo;aimais donner un coup de main au camp de math\u00e9matiques annuel de la SMC, reconnaissante que d&rsquo;autres personnes cr\u00e9ent ces merveilleuses opportunit\u00e9s pour les jeunes esprits math\u00e9matiques.<\/p>\n\n\n\n<p>Au fur et \u00e0 mesure que ma carri\u00e8re universitaire s&rsquo;installait dans la routine, je me suis retrouv\u00e9 \u00e0 en chercher plus : un nouveau d\u00e9fi, de nouvelles choses \u00e0 apprendre. En m\u00eame temps, j&rsquo;ai ressenti le besoin de commencer \u00e0 donner en retour, et de rendre ma communaut\u00e9 meilleure pour la prochaine g\u00e9n\u00e9ration. Dans mon universit\u00e9, j&rsquo;ai occup\u00e9 des postes administratifs, organis\u00e9 des ateliers de recherche et jou\u00e9 un r\u00f4le plus important dans la sensibilisation et le mentorat. Mais j&rsquo;ai fini par sentir les limites de l&rsquo;impact de ce travail, et je voulais plus : plus d&rsquo;impact, plus d&rsquo;opportunit\u00e9s, plus de port\u00e9e, et une plus grande communaut\u00e9 d&rsquo;apprentissage&#8230; et c&rsquo;est ce que la SMC m&rsquo;a donn\u00e9.<\/p>\n\n\n<div class=\"wp-block-image\">\n<figure class=\"alignright size-full is-resized\"><img decoding=\"async\" src=\"https:\/\/notes.math.ca\/wp-content\/uploads\/2022\/11\/Wordmark-Bilingual-Colour.png\" alt=\"\" class=\"wp-image-13491\" width=\"455\" height=\"73\" srcset=\"https:\/\/notes.math.ca\/wp-content\/uploads\/2022\/11\/Wordmark-Bilingual-Colour.png 815w, https:\/\/notes.math.ca\/wp-content\/uploads\/2022\/11\/Wordmark-Bilingual-Colour-300x48.png 300w, https:\/\/notes.math.ca\/wp-content\/uploads\/2022\/11\/Wordmark-Bilingual-Colour-768x123.png 768w\" sizes=\"(max-width: 455px) 100vw, 455px\" \/><\/figure>\n<\/div>\n\n\n<p>J&rsquo;ai si\u00e9g\u00e9 au conseil d&rsquo;administration et, plus r\u00e9cemment, au Comit\u00e9 ex\u00e9cutif en tant que vice-pr\u00e9sidente. J&rsquo;ai fait partie de plusieurs comit\u00e9s, travaillant avec des coll\u00e8gues \u00e9tonnants et passionn\u00e9s. Je me suis engag\u00e9e comme directrice scientifique de la <s>2020 r\u00e9union d&rsquo;\u00e9t\u00e9<\/s> du 75e plus une r\u00e9union d&rsquo;\u00e9t\u00e9 en ligne de la SMC en 2021 et de la (s&rsquo;il vous pla\u00eet, oh, s&rsquo;il vous pla\u00eet) R\u00e9union d&rsquo;\u00e9t\u00e9 de 2023 \u00e0 Ottawa.<\/p>\n\n\n\n<p>Dans le cadre de mes fonctions, j&rsquo;ai eu des occasions incroyables, comme repr\u00e9senter la communaut\u00e9 math\u00e9matique aupr\u00e8s du CRSNG et des membres de mon parlement provincial, au nom de la SMC. En tant que membre du comit\u00e9 sur l&rsquo;\u00e9quit\u00e9, la diversit\u00e9 et l&rsquo;inclusivit\u00e9 de la SMC, j&rsquo;ai aid\u00e9 \u00e0 mettre en place l&rsquo;appel ouvert de r\u00e9sum\u00e9s qui fait maintenant partie de nos r\u00e9unions semestrielles &#8211; un changement qui, nous l&rsquo;esp\u00e9rons, accueillera encore plus de membres de notre communaut\u00e9 \u00e0 la SMC. Et sur une note personnelle, je pense avoir visit\u00e9 plus de villes canadiennes dans le but d&rsquo;assister \u00e0 une r\u00e9union de la SMC que pour n&rsquo;importe quelles vacances !<\/p>\n\n\n\n<p>J&rsquo;ai \u00e9galement appris beaucoup de choses sur ce que fait la Soci\u00e9t\u00e9. Par exemple, l&rsquo;Olympiade math\u00e9matique est la comp\u00e9tition de math\u00e9matiques la plus prestigieuse au monde et notre \u00e9quipe canadienne a obtenu d&rsquo;excellents r\u00e9sultats au fil des ans. J&rsquo;avais tenu pour acquis qu&rsquo;il s&rsquo;agissait d&rsquo;un programme gouvernemental (ou du moins parrain\u00e9 par le gouvernement) &#8211; mais non, c&rsquo;est la Soci\u00e9t\u00e9 math\u00e9matique du Canada qui se charge de tout : du recrutement, de la s\u00e9lection et de la formation de l&rsquo;\u00e9quipe, \u00e0 la gestion de la logistique pour l&rsquo;envoyer repr\u00e9senter le Canada, \u00e0 l&rsquo;autre bout du monde.<\/p>\n\n\n<div class=\"wp-block-image\">\n<figure class=\"alignleft size-large is-resized\"><img fetchpriority=\"high\" decoding=\"async\" src=\"https:\/\/notes.math.ca\/wp-content\/uploads\/2022\/11\/11-scaled-1-1024x768.jpg\" alt=\"\" class=\"wp-image-13493\" width=\"342\" height=\"257\" srcset=\"https:\/\/notes.math.ca\/wp-content\/uploads\/2022\/11\/11-scaled-1-1024x768.jpg 1024w, https:\/\/notes.math.ca\/wp-content\/uploads\/2022\/11\/11-scaled-1-300x225.jpg 300w, https:\/\/notes.math.ca\/wp-content\/uploads\/2022\/11\/11-scaled-1-768x576.jpg 768w, https:\/\/notes.math.ca\/wp-content\/uploads\/2022\/11\/11-scaled-1-1536x1152.jpg 1536w, https:\/\/notes.math.ca\/wp-content\/uploads\/2022\/11\/11-scaled-1-2048x1536.jpg 2048w\" sizes=\"(max-width: 342px) 100vw, 342px\" \/><\/figure>\n<\/div>\n\n\n<p>D&rsquo;autre part, la SMC g\u00e8re et finance un r\u00e9seau massif de camps math\u00e9matiques pour les enfants d&rsquo;\u00e2ge scolaire, dirig\u00e9s par des organisateurs locaux b\u00e9n\u00e9voles qui se consacrent \u00e0 inspirer notre prochaine g\u00e9n\u00e9ration de math\u00e9maticiens. Il s&rsquo;agit d&rsquo;une collection diversifi\u00e9e &#8211; chaque camp a sa propre population cible (des \u00e9l\u00e8ves du spectre, aux \u00e9l\u00e8ves du Nord, aux \u00e9l\u00e8ves d&rsquo;une classe particuli\u00e8re) et son propre style (des camps de week-end aux camps de jour et aux camps de nuit d&rsquo;une semaine). Mais c&rsquo;est par le biais de la SMC et de ces camps de math\u00e9matiques embl\u00e9matiques que ces efforts individuels sont amplifi\u00e9s pour former une communaut\u00e9 nationale de sensibilisation aux math\u00e9matiques.<\/p>\n\n\n\n<p>Me porter volontaire pour servir de directeur scientifique d&rsquo;une r\u00e9union d&rsquo;\u00e9t\u00e9 a \u00e9t\u00e9 un pas en avant pour moi. Une \u00e9norme motivation \u00e9tait la fiert\u00e9 de mon universit\u00e9 &#8211; je voulais montrer notre nouveau b\u00e2timent de math\u00e9matiques, et mettre en valeur la diversit\u00e9, la richesse et le succ\u00e8s de notre portefeuille collectif de recherche math\u00e9matique. Au d\u00e9but, je m&rsquo;inqui\u00e9tais du travail que cela impliquait &#8211; j&rsquo;ai d\u00e9j\u00e0 organis\u00e9 de petits ateliers math\u00e9matiques dans mon universit\u00e9, et les probl\u00e8mes logistiques prenaient toujours dix fois plus de temps que ce que j&rsquo;avais pr\u00e9vu. Mais la machine \u00e0 r\u00e9unions de la SMC est bien huil\u00e9e, et cela me fait beaucoup de plaisir de me concentrer sur les aspects math\u00e9matiques de cette conf\u00e9rence nationale.<\/p>\n\n\n<div class=\"wp-block-image\">\n<figure class=\"alignright size-large is-resized\"><img loading=\"lazy\" decoding=\"async\" src=\"https:\/\/notes.math.ca\/wp-content\/uploads\/2022\/11\/616-cooper-1024x683.jpg\" alt=\"\" class=\"wp-image-13495\" width=\"298\" height=\"199\" srcset=\"https:\/\/notes.math.ca\/wp-content\/uploads\/2022\/11\/616-cooper-1024x683.jpg 1024w, https:\/\/notes.math.ca\/wp-content\/uploads\/2022\/11\/616-cooper-300x200.jpg 300w, https:\/\/notes.math.ca\/wp-content\/uploads\/2022\/11\/616-cooper-768x512.jpg 768w, https:\/\/notes.math.ca\/wp-content\/uploads\/2022\/11\/616-cooper-1536x1024.jpg 1536w, https:\/\/notes.math.ca\/wp-content\/uploads\/2022\/11\/616-cooper-2048x1365.jpg 2048w\" sizes=\"(max-width: 298px) 100vw, 298px\" \/><\/figure>\n<\/div>\n\n\n<p>Je suis membre \u00e0 vie de la SMC, et je suis fier d&rsquo;\u00eatre un donateur annuel. Je consid\u00e8re mon don comme un investissement dans l&rsquo;avenir &#8211; comme la nouvelle Maison des math\u00e9matiques ! &#8211; en veillant \u00e0 ce que la prochaine g\u00e9n\u00e9ration ait ce sentiment de communaut\u00e9 que j&rsquo;ai tant aim\u00e9. La SMC n&rsquo;est pas une institution stagnante : elle grandit, change et \u00e9volue en fonction des besoins et des initiatives de ses membres, de son \u00e9quipe de direction (notamment la directrice g\u00e9n\u00e9rale Termeh Kousha, dont les innovations de ces derni\u00e8res ann\u00e9es ont remis la SMC sur la voie du succ\u00e8s) et des membres de ses nombreux comit\u00e9s, chacun travaillant sur une partie du tout.<\/p>\n\n\n\n<p>Mon soutien n&rsquo;est pas enti\u00e8rement d\u00e9sint\u00e9ress\u00e9. Mon d\u00e9partement et mon doyen reconnaissent mes contributions \u00e0 la Soci\u00e9t\u00e9 math\u00e9matique du Canada, ce qui me permet de mieux me faire entendre lorsque je d\u00e9fends une cause, \u00e0 quelque niveau que ce soit. J&rsquo;ai rencontr\u00e9 et travaill\u00e9 avec des coll\u00e8gues de partout au Canada, dans toutes les disciplines math\u00e9matiques, et je profite de pouvoir puiser dans un r\u00e9seau aussi extraordinaire. Gr\u00e2ce \u00e0 la SMC, j&rsquo;ai l&rsquo;occasion de jouer un r\u00f4le de premier plan dans des causes qui me tiennent \u00e0 c\u0153ur, \u00e0 l&rsquo;\u00e9chelle nationale. Et surtout, je suis profond\u00e9ment honor\u00e9e d&rsquo;avoir \u00e9t\u00e9 nomm\u00e9e <em>Fellow<\/em> de la SMC.<\/p>\n\n\n\n<p>Vous songez \u00e0 vous impliquer plus dans votre Soci\u00e9t\u00e9, \u00e0 investir dans l&rsquo;avenir de notre communaut\u00e9 math\u00e9matique canadienne ? Voici quelques id\u00e9es, pour tous les go\u00fbts :<\/p>\n\n\n\n<ul class=\"wp-block-list\"><li>Inscrivez des \u00e9tudiants des \u00e9tudes sup\u00e9rieures comme membres \u00e9tudiants ; il y a un rabais si cela fait partie de l&rsquo;adh\u00e9sion institutionnelle de votre d\u00e9partement ;<\/li><li>Lisez les Notes de la SMC et contribuez aux articles sur ce qui vous int\u00e9resse ;<\/li><li>Soumettez vos articles de recherche aux revues de votre Soci\u00e9t\u00e9 ;<\/li><li>Proposez un Camp math\u00e9matique de la SMC, et inspirez la prochaine g\u00e9n\u00e9ration ;<\/li><li>Organisez des sessions aux conf\u00e9rences de la SMC (y compris la belle conf\u00e9rence \u00e0 Ottawa l&rsquo;\u00e9t\u00e9 prochain !), et encouragez vos \u00e9tudiants dipl\u00f4m\u00e9s \u00e0 y participer ;<\/li><li>Faites une demande pour vous joindre \u00e0 un comit\u00e9 de la SMC, pour travailler avec des coll\u00e8gues de partout au Canada et contribuez \u00e0 une cause qui vous tient \u00e0 c\u0153ur.<\/li><\/ul>\n\n\n\n<p>En fin de compte, je soutiens ma Soci\u00e9t\u00e9 gr\u00e2ce aux personnes qui la composent. Je suis fi\u00e8re de faire partie de cette entreprise conjointe avec mes coll\u00e8gues des comit\u00e9s et avec le personnel d\u00e9vou\u00e9 du bureau &#8211; qui vient toute juste de s&rsquo;installer \u00e0 la nouvelle Maison des math\u00e9matiques&#8230; avec sa salle de serveurs Alan Kelm nouvellement baptis\u00e9e.<\/p>\n","protected":false},"author":9,"template":"","section":[7],"keyword":[],"class_list":["post-13481","article","type-article","status-publish","hentry","section-cover-article"],"toolset-meta":{"author-4-info":{"author-4-surname":{"type":"textfield","raw":""},"author-4-given-names":{"type":"textfield","raw":""},"author-4-honorific":{"type":"textfield","raw":""},"author-4-institution":{"type":"textfield","raw":""},"author-4-email":{"type":"email","raw":""},"author-4-cms-role":{"type":"textfield","raw":""}},"author-3-info":{"author-3-surname":{"type":"textfield","raw":""},"author-3-given-names":{"type":"textfield","raw":""},"author-3-honorific":{"type":"textfield","raw":""},"author-3-institution":{"type":"textfield","raw":""},"author-3-email":{"type":"email","raw":""},"author-3-cms-role":{"type":"textfield","raw":""}},"author-2-info":{"author-2-surname":{"type":"textfield","raw":""},"author-2-given-names":{"type":"textfield","raw":""},"author-2-honorific":{"type":"textfield","raw":""},"author-2-institution":{"type":"textfield","raw":""},"author-2-email":{"type":"email","raw":""},"author-2-cms-role":{"type":"textfield","raw":""}},"author-info":{"author-surname":{"type":"textfield","raw":"Nevins"},"author-given-names":{"type":"textfield","raw":"Monica"},"author-honorific":{"type":"textfield","raw":""},"author-email":{"type":"email","raw":""},"author-institution":{"type":"textfield","raw":""},"author-cms-role":{"type":"textfield","raw":"Vice President - Ontario"}},"unknown":{"downloadable-pdf":{"type":"file","raw":"https:\/\/notes.math.ca\/wp-content\/uploads\/2022\/11\/Pourquoi-je-soutiens-ma-Societe-Notes-de-la-SMC-2.pdf","attachment_id":13677},"article-toc-weight":{"type":"numeric","raw":"1"},"author-surname":{"type":"textfield","raw":"Nevins"},"author-given-names":{"type":"textfield","raw":"Monica"}}},"_links":{"self":[{"href":"https:\/\/notes.math.ca\/fr\/wp-json\/wp\/v2\/article\/13481","targetHints":{"allow":["GET"]}}],"collection":[{"href":"https:\/\/notes.math.ca\/fr\/wp-json\/wp\/v2\/article"}],"about":[{"href":"https:\/\/notes.math.ca\/fr\/wp-json\/wp\/v2\/types\/article"}],"author":[{"embeddable":true,"href":"https:\/\/notes.math.ca\/fr\/wp-json\/wp\/v2\/users\/9"}],"version-history":[{"count":7,"href":"https:\/\/notes.math.ca\/fr\/wp-json\/wp\/v2\/article\/13481\/revisions"}],"predecessor-version":[{"id":13676,"href":"https:\/\/notes.math.ca\/fr\/wp-json\/wp\/v2\/article\/13481\/revisions\/13676"}],"wp:attachment":[{"href":"https:\/\/notes.math.ca\/fr\/wp-json\/wp\/v2\/media?parent=13481"}],"wp:term":[{"taxonomy":"section","embeddable":true,"href":"https:\/\/notes.math.ca\/fr\/wp-json\/wp\/v2\/section?post=13481"},{"taxonomy":"keyword","embeddable":true,"href":"https:\/\/notes.math.ca\/fr\/wp-json\/wp\/v2\/keyword?post=13481"}],"curies":[{"name":"wp","href":"https:\/\/api.w.org\/{rel}","templated":true}]}}