{"id":14012,"date":"2022-12-12T12:46:37","date_gmt":"2022-12-12T17:46:37","guid":{"rendered":"https:\/\/notes.math.ca\/article\/2022-la-fin-dune-epoque\/"},"modified":"2022-12-14T12:13:57","modified_gmt":"2022-12-14T17:13:57","slug":"2022-la-fin-dune-epoque","status":"publish","type":"article","link":"https:\/\/notes.math.ca\/fr\/article\/2022-la-fin-dune-epoque\/","title":{"rendered":"2022 : La fin d&rsquo;une \u00e9poque"},"content":{"rendered":"<hr \/>\n<p>Alors que je suis assise ici et que je r\u00e9fl\u00e9chis \u00e0 l&rsquo;ann\u00e9e \u00e9coul\u00e9e, je suis reconnaissante pour mon bureau \u00e0 la Maison canadienne des math\u00e9matiques d&rsquo;o\u00f9 j&rsquo;\u00e9cris cet article. Malgr\u00e9 les nombreux hauts et bas auxquels la SMC a \u00e9t\u00e9 confront\u00e9e au cours de cette ann\u00e9e (ou de plusieurs ann\u00e9es), je suis heureuse des progr\u00e8s que nous avons r\u00e9alis\u00e9s et que nous continuons \u00e0 r\u00e9aliser dans le cadre de nos activit\u00e9s. Cette ann\u00e9e a \u00e9t\u00e9 passionnante, avec la reprise de nombreuses activit\u00e9s en personne, qui ont permis \u00e0 de jeunes math\u00e9maticiens de vivre l&rsquo;atmosph\u00e8re \u00e9mouvante des Olympiades math\u00e9matiques et de participer \u00e0 divers camps de math\u00e9matiques dans tout le Canada. De plus, les math\u00e9maticiens professionnels de tous les domaines ont pu se r\u00e9unir et collaborer en face \u00e0 face (hors ligne).<\/p>\n<p>C&rsquo;est un tel plaisir de faire partie de la Soci\u00e9t\u00e9 math\u00e9matique du Canada, un groupe de math\u00e9maticiens diversifi\u00e9s qui est toujours pr\u00eat \u00e0 se tenir aux c\u00f4t\u00e9s de ses coll\u00e8gues face \u00e0 l&rsquo;injustice. Le Conseil d&rsquo;administration a travaill\u00e9 fort pour cr\u00e9er de nouveaux comit\u00e9s et sous-comit\u00e9s afin de r\u00e9pondre aux besoins de nos membres et des math\u00e9maticiens. Cette ann\u00e9e, deux nouveaux comit\u00e9s ont \u00e9t\u00e9 cr\u00e9\u00e9s : le <em>comit\u00e9 des droits de l&rsquo;homme en math\u00e9matiques <\/em>et le <em>comit\u00e9 des prix internationaux.<\/em><\/p>\n<p>C\u2019\u00e9tait la premi\u00e8re ann\u00e9e depuis 2019 que nous avons pu nous r\u00e9unir sur site avec de vieux amis et coll\u00e8gues pour discuter de questions importantes concernant le domaine et ceux qui le composent. Lors de la <a href=\"http:\/\/ete22.smc.math.ca\">R\u00e9union d&rsquo;\u00e9t\u00e9<\/a>, nous avons ressenti les effets r\u00e9siduels de la pand\u00e9mie, notre envoi de fournitures de r\u00e9union \u00e9tant rest\u00e9 bloqu\u00e9 dans un entrep\u00f4t au Nouveau-Brunswick et \u00e9tant arriv\u00e9 alors que la r\u00e9union \u00e9tait d\u00e9j\u00e0 termin\u00e9e. Pas de badges ? Pas de probl\u00e8me ! Malgr\u00e9 ce petit contretemps, tout le monde \u00e9tait heureux de pouvoir <strong><em>enfin <\/em><\/strong>assister \u00e0 une conf\u00e9rence de math\u00e9matiques en personne. Je ne saurais dire si le personnel du bureau ex\u00e9cutif a tir\u00e9 des le\u00e7ons de cette exp\u00e9rience ou s&rsquo;il est devenu parano\u00efaque \u00e0 cause de cette exp\u00e9rience ; nous avons charg\u00e9 notre voiture et sommes partis en direction de Toronto pour la <a href=\"http:\/\/hiver22.smc.math.ca\">R\u00e9union d&rsquo;hiver<\/a>. Badges ou pas, les math\u00e9maticiens savent comment profiter d&rsquo;une conf\u00e9rence ! C&rsquo;\u00e9tait formidable de revoir tout le monde apr\u00e8s un semestre r\u00e9ussi et de f\u00e9liciter nos laur\u00e9ats et notre nouvelle classe de <em>Fellows<\/em> de la SMC.<\/p>\n<p>Parmi ceux qui ont profit\u00e9 de l\u2019enthousiasme de participer \u00e0 un \u00e9v\u00e9nement math\u00e9matique, il y a les \u00e9l\u00e8ves de l&rsquo;<strong>\u00c9quipe math\u00e9matique du Canada <\/strong>qui se sont rendus \u00e0 l&rsquo;Olympiade math\u00e9matique internationale et \u00e0 l&rsquo;Olympiade math\u00e9matique des filles europ\u00e9ennes. J&rsquo;aimerais profiter de l&rsquo;occasion pour vous vanter les merveilleux r\u00e9sultats de notre \u00e9quipe et vous encourager \u00e0 consulter les r\u00e9sultats officiels des concours<a href=\"#_edn1\" name=\"_ednref1\">[1]<\/a>. Bien s\u00fbr, rien de tout cela ne serait possible sans Dorette Pronk, Robert Woodrow et le reste de l&rsquo;\u00e9quipe qui ont pass\u00e9 des heures interminables en coulisses pour former les Olympiens, coordonner leur voyage et leur offrir une exp\u00e9rience positive.<\/p>\n<p>Cette ann\u00e9e a \u00e9t\u00e9 une ann\u00e9e charg\u00e9e pour les concours. Le Bureau ex\u00e9cutif a men\u00e9 une campagne pour augmenter la participation des \u00e9coles au DOCM et au CMMC. 14 792 invitations ont \u00e9t\u00e9 envoy\u00e9es aux \u00e9coles canadiennes pour les inviter \u00e0 participer \u00e0 nos concours cet automne. Notre r\u00e9seau de concours s&rsquo;est \u00e9tendu cette ann\u00e9e gr\u00e2ce \u00e0 des partenariats nouveaux et existants, tant au Canada qu&rsquo;\u00e0 l&rsquo;\u00e9tranger<a href=\"#_edn2\" name=\"_ednref2\">[2]<\/a>. \u00c0 l\u2019aide de ces efforts, la participation au CMMC a augment\u00e9 de pr\u00e8s de 50 %. Nous terminons une saison de concours tr\u00e8s charg\u00e9e et nous avons h\u00e2te d&rsquo;analyser les r\u00e9sultats de cette campagne de marketing direct au cours de la nouvelle ann\u00e9e.<\/p>\n<p>L&rsquo;\u00e9t\u00e9 2022 a apport\u00e9 la reprise de nombreux programmes de camps de math\u00e9matiques \u00e0 travers le pays et la cr\u00e9ation de plusieurs nouveaux programmes. Nous avons re\u00e7u d&rsquo;excellents commentaires des \u00e9tudiants et des organisateurs concernant les camps et nous sommes certains que 2023 apportera d&rsquo;autres opportunit\u00e9s passionnantes pour les jeunes dans le domaine des math\u00e9matiques.<\/p>\n<p>Ici, au bureau ex\u00e9cutif de la SMC, nous ne sommes pas \u00e9trangers aux joyeuses retrouvailles. Apr\u00e8s plus de deux ans de travail \u00e0 distance, nous sommes de retour au bureau. Il convient de noter que ce bureau n&rsquo;est pas n&rsquo;importe quel bureau, mais la nouvellement baptis\u00e9e <a href=\"https:\/\/smc.math.ca\/news-item\/smc-nouveau-bureau-exe\/\"><strong>Maison canadienne des math\u00e9matiques<\/strong><\/a> : un foyer permanent pour la SMC et les math\u00e9matiques au Canada.<\/p>\n<p>Ces retrouvailles ont \u00e9t\u00e9 douces-am\u00e8res, car l&rsquo;un des membres de notre \u00e9quipe n&rsquo;est plus parmi nous. Le 30 septembre, l&rsquo;expert r\u00e9sident de tout ce qui concerne la SMC, notre ami et mentor, <a href=\"https:\/\/cms.math.ca\/news-item\/in-memoriam-alan-walter-kelm-may-3-1964-september-30-2022\/\">Alan Kelm<\/a>, est d\u00e9c\u00e9d\u00e9. Il a \u00e9t\u00e9 un pilier de la Soci\u00e9t\u00e9 math\u00e9matique du Canada pendant pr\u00e8s de 30 ans, et il manque cruellement \u00e0 toute notre \u00e9quipe.<\/p>\n<p>En parlant de notre \u00e9quipe, je ne saurais trop insister sur la r\u00e9silience du personnel du bureau ex\u00e9cutif de la SMC au cours de la derni\u00e8re ann\u00e9e. Malgr\u00e9 le manque de personnel, les probl\u00e8mes technologiques, la maladie et tout ce que la vie a pu leur r\u00e9server, tous les membres du bureau ex\u00e9cutif sont rest\u00e9s d\u00e9vou\u00e9s \u00e0 la Soci\u00e9t\u00e9 et au r\u00f4le qu&rsquo;ils y jouent. Le travail acharn\u00e9 de Kaileigh, Jessica, Sarah, Steve et Xinxin n&rsquo;est pas pass\u00e9 inaper\u00e7u. J&rsquo;ai beaucoup de chance de les avoir comme coll\u00e8gues et je souhaite leur exprimer mes remerciements les plus sinc\u00e8res pour tous leurs efforts cette ann\u00e9e. Enfin, et surtout, je voudrais remercier Yvette pour tout ce qu&rsquo;elle a fait pour moi et pour la SMC cette ann\u00e9e. Son travail acharn\u00e9 et son d\u00e9vouement ont assur\u00e9 la survie de la SMC pendant des p\u00e9riodes difficiles. Je n&rsquo;aurais pas pu demander une meilleure \u00e9quipe.<\/p>\n<p>Enfin, j&rsquo;aimerais remercier David Pike, Javad Mashreghi, Monica Nevins, le Conseil d&rsquo;administration et les membres de cette merveilleuse Soci\u00e9t\u00e9 pour leur soutien et leurs conseils cette ann\u00e9e. J&rsquo;appr\u00e9cie grandement leur mentorat et leur amiti\u00e9 alors que j&rsquo;apprends et grandis dans mon r\u00f4le \u00e0 la SMC.<\/p>\n<p>De ma position privil\u00e9gi\u00e9e, je dois reconna\u00eetre la tristesse et la col\u00e8re que j&rsquo;\u00e9prouve en tant que Canadienne iranienne lorsque je pense aux injustices que mes compatriotes iraniennes subissent (et ont subies) sous le r\u00e9gime actuel. La bravoure de ceux qui protestent pacifiquement pour leurs libert\u00e9s me rend fi\u00e8re d&rsquo;\u00eatre une femme iranienne. <a href=\"#_edn3\" name=\"_ednref3\">[3]<\/a><\/p>\n<p>En m\u00eame temps, la Soci\u00e9t\u00e9 math\u00e9matique du Canada et le d\u00e9vouement de ses merveilleux membres envers la communaut\u00e9 math\u00e9matique me rendent fi\u00e8re d&rsquo;\u00eatre une math\u00e9maticienne canadienne.<\/p>\n<p>Je vous souhaite \u00e0 tous une merveilleuse p\u00e9riode de repos, et une tr\u00e8s heureuse ann\u00e9e 2023 !<\/p>\n<p>Pour les femmes, la vie, la libert\u00e9<\/p>\n<p>\u0628\u0631\u0627\u06cc \u0632\u0646\u060c \u0632\u0646\u062f\u06af\u06cc\u060c \u0622\u0632\u0627\u062f\u06cc<\/p>\n<hr \/>\n<p><a href=\"#_ednref1\" name=\"_edn1\">[1]<\/a> OMC\/OJMC : <a href=\"https:\/\/smc.math.ca\/news-item\/2022-resultats-omc-omjc\/\">https:\/\/smc.math.ca\/news-item\/2022-resultats-omc-omjc\/<\/a><\/p>\n<p>OEMF : <a href=\"https:\/\/smc.math.ca\/news-item\/resultats-oemf-2022\/\">https:\/\/smc.math.ca\/news-item\/resultats-oemf-2022\/<\/a><\/p>\n<p>OMI : <a href=\"https:\/\/smc.math.ca\/news-item\/equipe-canada-oim-2022\/\">https:\/\/smc.math.ca\/news-item\/equipe-canada-oim-2022\/<\/a><\/p>\n<p><a href=\"#_ednref2\" name=\"_edn2\">[2]<\/a> Une liste des partenaires internationaux peut \u00eatre consult\u00e9e ici : <a href=\"https:\/\/smc.math.ca\/concours\/partenaires-du-concours-international\/\">https:\/\/smc.math.ca\/concours\/partenaires-du-concours-international\/<\/a><\/p>\n<p><a href=\"#_ednref3\" name=\"_edn3\">[3]<\/a> Vous trouverez de plus amples informations sur les \u00e9v\u00e9nements actuels en Iran \u00e0 l&rsquo;adresse suivante (en anglais) : <a href=\"%20https:\/www.cbc.ca\/news\/topic\/Tag\/Iran.\">\u00a0https:\/\/www.cbc.ca\/news\/topic\/Tag\/Iran.<\/a><\/p>\n","protected":false},"author":9,"template":"","section":[24],"keyword":[435,436],"class_list":["post-14012","article","type-article","status-publish","hentry","section-article-de-couverture","keyword-article-de-couverture","keyword-bilan-de-lannee"],"toolset-meta":{"author-4-info":{"author-4-surname":{"type":"textfield","raw":""},"author-4-given-names":{"type":"textfield","raw":""},"author-4-honorific":{"type":"textfield","raw":""},"author-4-institution":{"type":"textfield","raw":""},"author-4-email":{"type":"email","raw":""},"author-4-cms-role":{"type":"textfield","raw":""}},"author-3-info":{"author-3-surname":{"type":"textfield","raw":""},"author-3-given-names":{"type":"textfield","raw":""},"author-3-honorific":{"type":"textfield","raw":""},"author-3-institution":{"type":"textfield","raw":""},"author-3-email":{"type":"email","raw":""},"author-3-cms-role":{"type":"textfield","raw":""}},"author-2-info":{"author-2-surname":{"type":"textfield","raw":""},"author-2-given-names":{"type":"textfield","raw":""},"author-2-honorific":{"type":"textfield","raw":""},"author-2-institution":{"type":"textfield","raw":""},"author-2-email":{"type":"email","raw":""},"author-2-cms-role":{"type":"textfield","raw":""}},"author-info":{"author-surname":{"type":"textfield","raw":"Kousha"},"author-given-names":{"type":"textfield","raw":"Termeh"},"author-honorific":{"type":"textfield","raw":""},"author-email":{"type":"email","raw":"tkousha@cms.math.ca"},"author-institution":{"type":"textfield","raw":"Canadian Mathematical Society"},"author-cms-role":{"type":"textfield","raw":"Executive Director"}},"unknown":{"downloadable-pdf":{"type":"file","raw":"https:\/\/notes.math.ca\/wp-content\/uploads\/2022\/12\/2022-_-La-fin-dune-epoque-Notes-de-la-SMC.pdf","attachment_id":14033},"article-toc-weight":{"type":"numeric","raw":"1"},"author-surname":{"type":"textfield","raw":"Kousha"},"author-given-names":{"type":"textfield","raw":"Termeh"}}},"_links":{"self":[{"href":"https:\/\/notes.math.ca\/fr\/wp-json\/wp\/v2\/article\/14012","targetHints":{"allow":["GET"]}}],"collection":[{"href":"https:\/\/notes.math.ca\/fr\/wp-json\/wp\/v2\/article"}],"about":[{"href":"https:\/\/notes.math.ca\/fr\/wp-json\/wp\/v2\/types\/article"}],"author":[{"embeddable":true,"href":"https:\/\/notes.math.ca\/fr\/wp-json\/wp\/v2\/users\/9"}],"version-history":[{"count":4,"href":"https:\/\/notes.math.ca\/fr\/wp-json\/wp\/v2\/article\/14012\/revisions"}],"predecessor-version":[{"id":14094,"href":"https:\/\/notes.math.ca\/fr\/wp-json\/wp\/v2\/article\/14012\/revisions\/14094"}],"wp:attachment":[{"href":"https:\/\/notes.math.ca\/fr\/wp-json\/wp\/v2\/media?parent=14012"}],"wp:term":[{"taxonomy":"section","embeddable":true,"href":"https:\/\/notes.math.ca\/fr\/wp-json\/wp\/v2\/section?post=14012"},{"taxonomy":"keyword","embeddable":true,"href":"https:\/\/notes.math.ca\/fr\/wp-json\/wp\/v2\/keyword?post=14012"}],"curies":[{"name":"wp","href":"https:\/\/api.w.org\/{rel}","templated":true}]}}