{"id":14540,"date":"2023-03-09T14:06:19","date_gmt":"2023-03-09T19:06:19","guid":{"rendered":"https:\/\/notes.math.ca\/article\/call-for-speakers-2\/"},"modified":"2023-03-28T13:38:42","modified_gmt":"2023-03-28T17:38:42","slug":"call-for-speakers-2","status":"publish","type":"article","link":"https:\/\/notes.math.ca\/fr\/article\/call-for-speakers-2\/","title":{"rendered":"Appel d&rsquo;orateur.rices"},"content":{"rendered":"\n<h3 class=\"wp-block-heading\">R\u00e9union d&rsquo;\u00e9t\u00e9 de la SMC 2023<\/h3>\n\n\n\n<p>La Soci\u00e9t\u00e9 math\u00e9matique du Canada (SMC) vous invite \u00e0 soumettre un r\u00e9sum\u00e9 pour participer \u00e0 l&rsquo;une des\u00a0sessions pr\u00e9vues \u00e0 la <a href=\"https:\/\/www.summer23.cms.math.ca\/fr\/call-for-sessions-speakers\" data-type=\"URL\" data-id=\"https:\/\/www.summer23.cms.math.ca\/fr\/call-for-sessions-speakers\" target=\"_blank\" rel=\"noreferrer noopener\">R\u00e9union d&rsquo;\u00e9t\u00e9\u00a0de la SMC 2023<\/a> qui aura lieu du 2 au 5 juin 2023.<\/p>\n\n\n\n<p>La Soci\u00e9t\u00e9 math\u00e9matique du Canada a cr\u00e9\u00e9 un processus ouvert de soumission de r\u00e9sum\u00e9s afin de soutenir les organisateur.rices des sessions dans leur travail important et dans leurs efforts d&rsquo;inclusion et de diversit\u00e9. Nous encourageons les candidatures de membres qui s&rsquo;identifient comme faisant partie de groupes traditionnellement sous-repr\u00e9sent\u00e9s, notamment, mais sans s&rsquo;y limiter : Les femmes, les peuples autochtones, les personnes handicap\u00e9es, les membres de minorit\u00e9s visibles et\/ou de groupes racialis\u00e9s, et les membres de la communaut\u00e9 LGBTQ+. La SMC accueille \u00e9galement les candidatures d&rsquo;\u00e9tudiants dipl\u00f4m\u00e9s.<\/p>\n\n\n\n<h3 class=\"wp-block-heading\">Dates limites<\/h3>\n\n\n\n<p>Les candidat.es doivent soumettre leur r\u00e9sum\u00e9 pour approbation par les organisateur.rices de la session en utilisant notre formulaire de soumission de r\u00e9sum\u00e9 au plus tard le&nbsp;vendredi 31 mars 2023. Veuillez soumettre votre r\u00e9sum\u00e9 pour une seule session.<\/p>\n\n\n\n<p>La SMC encourage les organisateur.rices \u00e0 examiner les r\u00e9sum\u00e9s soumis sur une base continue et \u00e0 accepter tous les orateur.rices admissibles. Les candidat.es retenu.es doivent s&rsquo;inscrire \u00e0 la r\u00e9union et soumettre leur r\u00e9sum\u00e9 sur le site Web de la SMC avant le&nbsp;lundi 1er mai 2023.<\/p>\n\n\n\n<div class=\"tb-button\" data-toolset-blocks-button=\"d6e1a02c03deba92b4965c8abad44292\"><a class=\"tb-button__link\" href=\"https:\/\/forms.gle\/tmiZVhcJt8SeSosG6\"><i class=\"tb-button__icon\"><\/i><span class=\"tb-button__content\">Appliquer<\/span><\/a><\/div>\n","protected":false},"author":11,"template":"","section":[67],"keyword":[],"class_list":["post-14540","article","type-article","status-publish","hentry","section-appels-de-propositions-de-sessions"],"toolset-meta":{"author-4-info":{"author-4-surname":{"type":"textfield","raw":""},"author-4-given-names":{"type":"textfield","raw":"swatson"},"author-4-honorific":{"type":"textfield","raw":""},"author-4-institution":{"type":"textfield","raw":""},"author-4-email":{"type":"email","raw":""},"author-4-cms-role":{"type":"textfield","raw":""}},"author-3-info":{"author-3-surname":{"type":"textfield","raw":""},"author-3-given-names":{"type":"textfield","raw":""},"author-3-honorific":{"type":"textfield","raw":""},"author-3-institution":{"type":"textfield","raw":""},"author-3-email":{"type":"email","raw":""},"author-3-cms-role":{"type":"textfield","raw":""}},"author-2-info":{"author-2-surname":{"type":"textfield","raw":""},"author-2-given-names":{"type":"textfield","raw":""},"author-2-honorific":{"type":"textfield","raw":""},"author-2-institution":{"type":"textfield","raw":""},"author-2-email":{"type":"email","raw":""},"author-2-cms-role":{"type":"textfield","raw":""}},"author-info":{"author-surname":{"type":"textfield","raw":""},"author-given-names":{"type":"textfield","raw":""},"author-honorific":{"type":"textfield","raw":""},"author-email":{"type":"email","raw":""},"author-institution":{"type":"textfield","raw":""},"author-cms-role":{"type":"textfield","raw":""}},"unknown":{"downloadable-pdf":{"type":"file","raw":"https:\/\/notes.math.ca\/wp-content\/uploads\/2023\/03\/Appel-dorateur.rices-\u2013-Notes-de-la-SMC-2.0.pdf","attachment_id":14708},"article-toc-weight":{"type":"numeric","raw":"98"},"author-surname":{"type":"textfield","raw":""},"author-given-names":{"type":"textfield","raw":""}}},"_links":{"self":[{"href":"https:\/\/notes.math.ca\/fr\/wp-json\/wp\/v2\/article\/14540","targetHints":{"allow":["GET"]}}],"collection":[{"href":"https:\/\/notes.math.ca\/fr\/wp-json\/wp\/v2\/article"}],"about":[{"href":"https:\/\/notes.math.ca\/fr\/wp-json\/wp\/v2\/types\/article"}],"author":[{"embeddable":true,"href":"https:\/\/notes.math.ca\/fr\/wp-json\/wp\/v2\/users\/11"}],"version-history":[{"count":10,"href":"https:\/\/notes.math.ca\/fr\/wp-json\/wp\/v2\/article\/14540\/revisions"}],"predecessor-version":[{"id":14864,"href":"https:\/\/notes.math.ca\/fr\/wp-json\/wp\/v2\/article\/14540\/revisions\/14864"}],"wp:attachment":[{"href":"https:\/\/notes.math.ca\/fr\/wp-json\/wp\/v2\/media?parent=14540"}],"wp:term":[{"taxonomy":"section","embeddable":true,"href":"https:\/\/notes.math.ca\/fr\/wp-json\/wp\/v2\/section?post=14540"},{"taxonomy":"keyword","embeddable":true,"href":"https:\/\/notes.math.ca\/fr\/wp-json\/wp\/v2\/keyword?post=14540"}],"curies":[{"name":"wp","href":"https:\/\/api.w.org\/{rel}","templated":true}]}}