{"id":16088,"date":"2023-09-29T10:14:42","date_gmt":"2023-09-29T14:14:42","guid":{"rendered":"https:\/\/notes.math.ca\/article\/moments-marquants-a-la-smc\/"},"modified":"2023-09-29T10:16:16","modified_gmt":"2023-09-29T14:16:16","slug":"moments-marquants-a-la-smc","status":"publish","type":"article","link":"https:\/\/notes.math.ca\/fr\/article\/moments-marquants-a-la-smc\/","title":{"rendered":"Moments marquants \u00e0 la SMC"},"content":{"rendered":"<p data-wp-editing=\"1\"><img decoding=\"async\" class=\" wp-image-16073 alignleft\" src=\"https:\/\/notes.math.ca\/wp-content\/uploads\/2023\/09\/Portrait_Alina_Stancu-2-202x300.jpg\" alt=\"\" width=\"151\" height=\"224\" srcset=\"https:\/\/notes.math.ca\/wp-content\/uploads\/2023\/09\/Portrait_Alina_Stancu-2-202x300.jpg 202w, https:\/\/notes.math.ca\/wp-content\/uploads\/2023\/09\/Portrait_Alina_Stancu-2.jpg 308w\" sizes=\"(max-width: 151px) 100vw, 151px\" \/><\/p>\n<p>Au d\u00e9but de mon mandat de vice-pr\u00e9sidente (Qu\u00e9bec) en juin dernier, je me suis mise \u00e0 r\u00e9fl\u00e9chir aux nombreuses contributions de la Soci\u00e9t\u00e9 math\u00e9matique du Canada \u00e0 la communaut\u00e9 canadienne. Si vous lisez cet article, vous connaissez probablement d\u00e9j\u00e0 ses activit\u00e9s et initiatives dans de multiples domaines. Mais elle peut \u00e9galement toucher les membres et non-membres de bien d\u2019autres fa\u00e7ons. \u00c0 cet \u00e9gard, j\u2019aimerais vous faire part de trois moments de ma carri\u00e8re o\u00f9 la SMC m\u2019a personnellement marqu\u00e9e.<\/p>\n\n<p>J\u2019ai obtenu mon doctorat \u00e0 l\u2019Universit\u00e9 de Rochester sous la direction de Michael Gage, c\u00e9l\u00e8bre pour son travail innovateur concernant le flot de raccourcissement des courbes. Peu apr\u00e8s, j\u2019ai eu l\u2019occasion d\u2019assister \u00e0 ma toute premi\u00e8re R\u00e9union d\u2019hiver de la SMC, \u00e0 l\u2019Universit\u00e9 Queen\u2019s. Apparemment, cette chance m\u2019est venue du fait que mon mentor ne pouvait s\u2019y rendre, et qu\u2019il m\u2019a sugg\u00e9r\u00e9 d\u2019y aller \u00e0 sa place. C\u2019\u00e9tait mon premier voyage d\u2019universitaire, et je m\u2019en souviens parfaitement. J\u2019ai atterri \u00e0 l\u2019a\u00e9roport Mirabel de Montr\u00e9al, qui ne sert plus aux vols commerciaux (un clin d\u2019\u0153il historique pour la Montr\u00e9alaise que je suis maintenant), et je me suis rendue en voiture \u00e0 Kingston, en Ontario, le long du fleuve Saint-Laurent et des Mille-\u00celes. \u00c0 part les conf\u00e9rences et expos\u00e9s (qu\u2019honn\u00eatement, j\u2019ai oubli\u00e9s en grande partie), mon principal souvenir est l\u2019\u00e9moi de rencontrer les auteurs d\u2019articles dans mon domaine et la joie de pouvoir discuter avec eux. Cette R\u00e9union m\u2019a permis d\u2019\u00e9tablir des liens qui allaient orienter ma carri\u00e8re et, sans que je le sache \u00e0 ce moment-l\u00e0, j\u2019y ai rencontr\u00e9 certains de mes coll\u00e8gues actuels de Montr\u00e9al. Les mots d\u00e9crivent bien mal ce que j\u2019y ai v\u00e9cu, mais disons que je me voyais accueillie dans la grande famille math\u00e9matique ou, du moins, j\u2019en ai eu l\u2019impression \u00e0 l\u2019\u00e9poque.  <\/p>\n\n<p>Avant l\u2019arriv\u00e9e des outils de collaboration en ligne, les rencontres en personne favorisaient les rapports humains. Je crois que m\u00eame de nos jours, ces \u00e9changes sont pr\u00e9cieux, particuli\u00e8rement pour les jeunes chercheurs et chercheuses. On oublie l\u2019importance des rapports personnels et professionnels dans l\u2019ensemble d\u2019une carri\u00e8re. Bien s\u00fbr, les rencontres de la SMC ont \u00e9volu\u00e9 depuis ma toute premi\u00e8re R\u00e9union, et elles offrent maintenant une gamme d\u2019activit\u00e9s : mini-cours, ateliers d\u2019orientation professionnelle, panels de discussion sur diff\u00e9rents concepts math\u00e9matiques, s\u00e9ances pour les \u00e9tudiants et j\u2019en passe. Nous devrions vraiment encourager encore plus nos \u00e9tudiants, actuels et anciens, \u00e0 assister \u00e0 nos rencontres.<\/p>\n\n<p>Deux autres moments m\u00e9morables de ma carri\u00e8re li\u00e9s \u00e0 la SMC sont survenus il y a six ou sept ans. J\u2019ai pu participer \u00e0 la cr\u00e9ation d\u2019un programme hebdomadaire d\u2019enrichissement en math\u00e9matiques pour les jeunes du primaire et du secondaire \u00e0 Montr\u00e9al, aux c\u00f4t\u00e9s d\u2019une professeure incroyablement d\u00e9vou\u00e9e, Ildiko Pelczer. Vers les d\u00e9buts du projet, la SMC a appuy\u00e9 l\u2019initiative en offrant l\u2019une des Bourses du fonds de dotation (attention! un appel de candidatures vient tout juste de sortir!) qui a permis la cr\u00e9ation du Montreal Math Circle. Malgr\u00e9 son montant plut\u00f4t modeste, cette bourse a assur\u00e9 au projet une visibilit\u00e9 lui garantissant la reconnaissance et l\u2019obtention d\u2019un financement ult\u00e9rieur, gr\u00e2ce auquel il a pu survivre durant la pand\u00e9mie et jusqu\u2019\u00e0 aujourd\u2019hui.<\/p>\n\n<p>En dernier lieu, au cours de mon affectation en tant que directrice scientifique \u00e0 l\u2019Institut des sciences math\u00e9matiques (ISM) du Qu\u00e9bec, le financement de l\u2019institut s\u2019est trouv\u00e9 menac\u00e9 de r\u00e9duction. L\u2019ISM joue un r\u00f4le essentiel dans la coordination et le soutien financier des programmes de 2<sup>e<\/sup> et 3<sup>e<\/sup>\u00a0cycle de sciences math\u00e9matiques du Qu\u00e9bec. Il est aussi partenaire \u00e0 parts \u00e9gales du Centre de recherches math\u00e9matiques pour son programme postdoctoral en plus de coordonner diverses activit\u00e9s (colloques, conf\u00e9rences pour \u00e9tudiants, cours d\u2019\u00e9t\u00e9, sensibilisation). Pr\u00e8s de 500\u00a0math\u00e9maticiens et math\u00e9maticiennes ont sign\u00e9 une lettre adress\u00e9e au gouvernement provincial pour faire valoir la mission de l\u2019institut. La pr\u00e9sidente de la SMC \u00e0 cette \u00e9poque, Lia Bronsard, \u00e9tait l\u2019une des signataires. Je suis heureuse de vous informer que l\u2019ISM a b\u00e9n\u00e9fici\u00e9 du renouvellement du financement, qui a m\u00eame \u00e9t\u00e9 augment\u00e9 par la suite.<\/p>\n\n<p>Ces souvenirs ne donnent qu\u2019une id\u00e9e de l\u2019incidence consid\u00e9rable qu\u2019a la Soci\u00e9t\u00e9 math\u00e9matique du Canada; puissent-elles vous inviter \u00e0 entreprendre votre propre r\u00e9flexion. C\u2019est \u00e0 travers nos exp\u00e9riences personnelles et collectives que nous saisissons l\u2019apport de la SMC dans nos vies, l\u2019importance de pouvoir compter sur elle et les raisons pour lesquelles nous devons lui accorder un soutien sans r\u00e9serve.<\/p>\n\n<p>Permettez-moi de terminer en rev\u00eatant ma cape de directrice scientifique pour la prochaine R\u00e9union d\u2019hiver de la SMC \u00e0 Montr\u00e9al et en vous invitant chaleureusement, de m\u00eame que vos \u00e9tudiants et postdoctorants, \u00e0 vous joindre \u00e0 nous en d\u00e9cembre. J\u2019ose esp\u00e9rer que cette rencontre vous fera vivre des moments inoubliables et, qui sait, que quelqu\u2019un parmi vous viendra les raconter. Et puis non, oubliez \u00e7a! En relisant l\u2019\u00e9bauche du programme, je suis s\u00fbre qu\u2019elle g\u00e9n\u00e9rera des souvenirs marquants que vous raconterez un jour, \u00e0 votre tour.<\/p>\n","protected":false},"author":11,"template":"","section":[24],"keyword":[],"class_list":["post-16088","article","type-article","status-publish","hentry","section-article-de-couverture"],"toolset-meta":{"author-4-info":{"author-4-surname":{"type":"textfield","raw":""},"author-4-given-names":{"type":"textfield","raw":""},"author-4-honorific":{"type":"textfield","raw":""},"author-4-institution":{"type":"textfield","raw":""},"author-4-email":{"type":"email","raw":""},"author-4-cms-role":{"type":"textfield","raw":""}},"author-3-info":{"author-3-surname":{"type":"textfield","raw":""},"author-3-given-names":{"type":"textfield","raw":""},"author-3-honorific":{"type":"textfield","raw":""},"author-3-institution":{"type":"textfield","raw":""},"author-3-email":{"type":"email","raw":""},"author-3-cms-role":{"type":"textfield","raw":""}},"author-2-info":{"author-2-surname":{"type":"textfield","raw":""},"author-2-given-names":{"type":"textfield","raw":""},"author-2-honorific":{"type":"textfield","raw":""},"author-2-institution":{"type":"textfield","raw":""},"author-2-email":{"type":"email","raw":""},"author-2-cms-role":{"type":"textfield","raw":""}},"author-info":{"author-surname":{"type":"textfield","raw":"Stancu"},"author-given-names":{"type":"textfield","raw":"Alina"},"author-honorific":{"type":"textfield","raw":""},"author-email":{"type":"email","raw":"alina.stancu@concordia.ca"},"author-institution":{"type":"textfield","raw":"Concordia University"},"author-cms-role":{"type":"textfield","raw":"CMS Director VP - Quebec"}},"unknown":{"downloadable-pdf":{"type":"file","raw":"","attachment_id":null},"article-toc-weight":{"type":"numeric","raw":"1"},"author-surname":{"type":"textfield","raw":"Stancu"},"author-given-names":{"type":"textfield","raw":"Alina"}}},"_links":{"self":[{"href":"https:\/\/notes.math.ca\/fr\/wp-json\/wp\/v2\/article\/16088","targetHints":{"allow":["GET"]}}],"collection":[{"href":"https:\/\/notes.math.ca\/fr\/wp-json\/wp\/v2\/article"}],"about":[{"href":"https:\/\/notes.math.ca\/fr\/wp-json\/wp\/v2\/types\/article"}],"author":[{"embeddable":true,"href":"https:\/\/notes.math.ca\/fr\/wp-json\/wp\/v2\/users\/11"}],"version-history":[{"count":3,"href":"https:\/\/notes.math.ca\/fr\/wp-json\/wp\/v2\/article\/16088\/revisions"}],"predecessor-version":[{"id":16091,"href":"https:\/\/notes.math.ca\/fr\/wp-json\/wp\/v2\/article\/16088\/revisions\/16091"}],"wp:attachment":[{"href":"https:\/\/notes.math.ca\/fr\/wp-json\/wp\/v2\/media?parent=16088"}],"wp:term":[{"taxonomy":"section","embeddable":true,"href":"https:\/\/notes.math.ca\/fr\/wp-json\/wp\/v2\/section?post=16088"},{"taxonomy":"keyword","embeddable":true,"href":"https:\/\/notes.math.ca\/fr\/wp-json\/wp\/v2\/keyword?post=16088"}],"curies":[{"name":"wp","href":"https:\/\/api.w.org\/{rel}","templated":true}]}}