{"id":17378,"date":"2024-02-28T10:23:07","date_gmt":"2024-02-28T15:23:07","guid":{"rendered":"https:\/\/notes.math.ca\/article\/reflexions-sur-la-journee-internationale-des-femmes\/"},"modified":"2024-02-28T10:34:34","modified_gmt":"2024-02-28T15:34:34","slug":"reflexions-sur-la-journee-internationale-des-femmes","status":"publish","type":"article","link":"https:\/\/notes.math.ca\/fr\/article\/reflexions-sur-la-journee-internationale-des-femmes\/","title":{"rendered":"R\u00e9flexions sur la Journ\u00e9e internationale des femmes"},"content":{"rendered":"<p><img fetchpriority=\"high\" decoding=\"async\" class=\"size-medium wp-image-17364 alignleft\" src=\"https:\/\/notes.math.ca\/wp-content\/uploads\/2024\/02\/Csima-Barbara-2020-08m-300x225.jpg\" alt=\"\" width=\"300\" height=\"225\" srcset=\"https:\/\/notes.math.ca\/wp-content\/uploads\/2024\/02\/Csima-Barbara-2020-08m-300x225.jpg 300w, https:\/\/notes.math.ca\/wp-content\/uploads\/2024\/02\/Csima-Barbara-2020-08m-1024x768.jpg 1024w, https:\/\/notes.math.ca\/wp-content\/uploads\/2024\/02\/Csima-Barbara-2020-08m-768x576.jpg 768w, https:\/\/notes.math.ca\/wp-content\/uploads\/2024\/02\/Csima-Barbara-2020-08m.jpg 1057w\" sizes=\"(max-width: 300px) 100vw, 300px\" \/><\/p>\n\n<p>La Journ\u00e9e internationale des femmes a lieu le 8 mars, et vous verrez que les questions relatives aux femmes sont un th\u00e8me dans les Notes de la SMC de ce mois-ci. Quelle que soit votre identit\u00e9 de genre, le 8 mars est une journ\u00e9e de reconnaissance des r\u00e9alisations et des luttes des femmes dans le monde entier.<\/p>\n\n<p>La Journ\u00e9e internationale des femmes est c\u00e9l\u00e9br\u00e9e de diff\u00e9rentes mani\u00e8res \u00e0 travers le monde et rev\u00eat des significations diff\u00e9rentes selon les personnes. Dans mes premiers souvenirs de la Journ\u00e9e des femmes, mon p\u00e8re apportait toujours une fleur coup\u00e9e pour moi, ma m\u00e8re et mes deux s\u0153urs. Je me sentais sp\u00e9ciale d&rsquo;\u00eatre consid\u00e9r\u00e9e comme une femme. Quand j&rsquo;\u00e9tais petite, j&rsquo;avais appris les luttes auxquelles les femmes \u00e9taient confront\u00e9es. Elles n&rsquo;avaient pas toujours eu le droit d&rsquo;\u00e9tudier, de travailler ou de voter. J&rsquo;\u00e9tais heureuse de grandir au Canada dans les ann\u00e9es 1980, lorsque les femmes \u00e9taient \u00e9gales et avaient toutes les chances des hommes. Je comprenais que, dans la plupart des cas, les femmes ne pouvaient pas rivaliser avec les hommes dans les sports en raison de leur morphologie diff\u00e9rente. Mais pour ce qui est de ce qui m&rsquo;int\u00e9ressait, un avenir dans les math\u00e9matiques, l&rsquo;informatique, les affaires ou autres, je pensais que tout allait bien. Il m&rsquo;a fallu un certain temps pour me rendre compte que le mouvement des femmes n&rsquo;\u00e9tait pas termin\u00e9, qu&rsquo;il y avait peut-\u00eatre encore des diff\u00e9rences dans la mani\u00e8re dont les femmes \u00e9taient per\u00e7ues et dans les possibilit\u00e9s qui leur \u00e9taient offertes. Je pense que mon optimisme jovial m&rsquo;a permis de surmonter certaines situations, en pensant que le fait qu&rsquo;il y ait beaucoup plus de gar\u00e7ons que de filles dans la ligue de math\u00e9matiques au secondaire, puis dans le programme de math\u00e9matiques \u00e0 l&rsquo;universit\u00e9, \u00e9tait une bizarrerie et que je pouvais tout simplement aller de l&rsquo;avant.<\/p>\n\n<p>C&rsquo;est au cours de mes derni\u00e8res ann\u00e9es d&rsquo;\u00e9tudes de premier cycle \u00e0 l&rsquo;universit\u00e9 que j&rsquo;ai commenc\u00e9 \u00e0 me rendre compte que, parfois, les gens me regardaient diff\u00e9remment parce que j&rsquo;\u00e9tais une femme. Je ne raconterai pas d&rsquo;anecdotes, car la plupart d&rsquo;entre elles concernaient de bonnes personnes qui, par la suite, m&rsquo;ont beaucoup soutenue. Mais il y a eu des moments inconfortables et des moments o\u00f9 j&rsquo;ai eu l&rsquo;impression qu&rsquo;on ne me regardait pas de la m\u00eame mani\u00e8re. D&rsquo;un autre c\u00f4t\u00e9, je me distinguais parce que j&rsquo;\u00e9tais une femme, et c&rsquo;\u00e9tait souvent un avantage. Tout le monde savait qui j&rsquo;\u00e9tais et se souvenait de moi. Et j&rsquo;ai certainement b\u00e9n\u00e9fici\u00e9 des tentatives visant \u00e0 accro\u00eetre la repr\u00e9sentation des femmes dans les math\u00e9matiques, avec plus d&rsquo;invitations et d&rsquo;opportunit\u00e9s que mes homologues masculins. Malgr\u00e9 tout, je suis rest\u00e9e perplexe : c&rsquo;est plut\u00f4t bien pour les femmes en math\u00e9matiques, mais o\u00f9 sont les femmes ?<\/p>\n\n<p>J&rsquo;avais oubli\u00e9 la principale diff\u00e9rence entre les femmes et les hommes : Ce sont les femmes qui donnent naissance aux enfants. Bien que la science fasse des progr\u00e8s, tous les \u00eatres humains vivant aujourd&rsquo;hui ont pass\u00e9 au moins plusieurs mois dans l&rsquo;ut\u00e9rus d&rsquo;une femme. On pourrait penser que cela n&rsquo;a pas tant d&rsquo;importance, mais c&rsquo;est pourtant le cas. Certaines femmes savent qu&rsquo;elles ne pourront pas porter d&rsquo;enfants, pour une quelconque raison. Cela peut \u00eatre difficile. Certaines femmes esp\u00e8rent avoir des enfants, mais ne sont pas s\u00fbres de savoir comment s&rsquo;y prendre, car ces choses ne se font pas selon un calendrier pr\u00e9cis, et il se peut que cela ne fonctionne pas si vous attendez trop longtemps. C&rsquo;est aussi un choix difficile. Si vous d\u00e9cidez et pouvez avoir des enfants, vous \u00eates maintenant une m\u00e8re (nous r\u00e9fl\u00e9chirons peut-\u00eatre \u00e0 ce sujet en mai). Peut-\u00eatre que vous voulez avoir des enfants et que vous ne le pouvez pas. Peut-\u00eatre choisissez-vous de ne pas avoir d&rsquo;enfants. Quel que soit votre choix, la soci\u00e9t\u00e9 aura des attentes \u00e0 votre \u00e9gard, et vous pouvez ressentir beaucoup de pression. De plus, la reproduction n&rsquo;est pas un sujet dont nous discutons souvent, de sorte que cette pression est souvent support\u00e9e par des femmes qui ont tr\u00e8s peu de personnes avec qui partager leurs espoirs, leurs craintes et leurs r\u00e9flexions g\u00e9n\u00e9rales. Pour une carri\u00e8re dans la recherche en math\u00e9matiques, il y a beaucoup de pressions pour produire \u00e0 un niveau \u00e9lev\u00e9 pendant ces ann\u00e9es de reproduction. J&rsquo;ai trouv\u00e9 cela tr\u00e8s difficile, et je ne suis donc plus surprise que d&rsquo;autres femmes aient pu faire un choix diff\u00e9rent. En effet, la perception selon laquelle les filles doivent devenir des m\u00e8res influencera peut-\u00eatre la mani\u00e8re dont les parents tentent d&rsquo;orienter leurs filles, ce qui peut exercer une influence. Mais alors, avec moins de femmes comme mentors, peut-\u00eatre que d&rsquo;autres jeunes femmes sont moins susceptibles de s&rsquo;imaginer dans la profession, et qu&rsquo;elles s&rsquo;en \u00e9loignent.<\/p>\n\n<p>Au moment m\u00eame o\u00f9 j&rsquo;\u00e9cris cette note, je ne comprends toujours pas pourquoi il n&rsquo;y a pas plus de femmes en math\u00e9matiques et pourquoi la proportion diminue \u00e0 mesure que le niveau s&rsquo;\u00e9l\u00e8ve. Je ne comprends pas non plus pourquoi certains domaines des STIM attirent plus de femmes que d&rsquo;autres. C&rsquo;est une question \u00e0 laquelle il faut r\u00e9fl\u00e9chir alors que nous essayons de faire en sorte que tout le monde ait acc\u00e8s aux math\u00e9matiques.<\/p>\n\n<p>Aujourd&rsquo;hui, dans les ann\u00e9es 2020, je suis certainement plus blas\u00e9e d&rsquo;\u00eatre une femme que je ne l&rsquo;\u00e9tais dans les ann\u00e9es 1980. Mais je suis toujours aussi reconnaissante d&rsquo;\u00eatre une femme au Canada, qui peut voter, travailler, choisir d&rsquo;essayer de porter un enfant et dont la fille est autoris\u00e9e \u00e0 aller \u00e0 l&rsquo;\u00e9cole. D&rsquo;autres femmes dans le monde n&rsquo;ont pas cette chance. En cette Journ\u00e9e internationale des femmes, je suis donc reconnaissante aux personnes qui se sont battues par le pass\u00e9 pour l&rsquo;\u00e9galit\u00e9 des sexes et j&rsquo;esp\u00e8re qu&rsquo;en tant que soci\u00e9t\u00e9, nous pourrons cr\u00e9er de meilleures opportunit\u00e9s pour les femmes, tant au Canada que dans le reste du monde. Pensez seulement aux belles math\u00e9matiques qu&rsquo;elles pourraient produire.<\/p>\n","protected":false},"author":11,"template":"","section":[24],"keyword":[427,482],"class_list":["post-17378","article","type-article","status-publish","hentry","section-article-de-couverture","keyword-femmes-en-mathematiques-fr","keyword-international-womens-day-fr"],"toolset-meta":{"author-4-info":{"author-4-surname":{"type":"textfield","raw":""},"author-4-given-names":{"type":"textfield","raw":""},"author-4-honorific":{"type":"textfield","raw":""},"author-4-institution":{"type":"textfield","raw":""},"author-4-email":{"type":"email","raw":""},"author-4-cms-role":{"type":"textfield","raw":""}},"author-3-info":{"author-3-surname":{"type":"textfield","raw":""},"author-3-given-names":{"type":"textfield","raw":""},"author-3-honorific":{"type":"textfield","raw":""},"author-3-institution":{"type":"textfield","raw":""},"author-3-email":{"type":"email","raw":""},"author-3-cms-role":{"type":"textfield","raw":""}},"author-2-info":{"author-2-surname":{"type":"textfield","raw":""},"author-2-given-names":{"type":"textfield","raw":""},"author-2-honorific":{"type":"textfield","raw":""},"author-2-institution":{"type":"textfield","raw":""},"author-2-email":{"type":"email","raw":""},"author-2-cms-role":{"type":"textfield","raw":""}},"author-info":{"author-surname":{"type":"textfield","raw":"Csima"},"author-given-names":{"type":"textfield","raw":"Barbara"},"author-honorific":{"type":"textfield","raw":""},"author-email":{"type":"email","raw":"csima@uwaterloo.ca"},"author-institution":{"type":"textfield","raw":"University of Waterloo"},"author-cms-role":{"type":"textfield","raw":"President-Elect, CMS"}},"unknown":{"downloadable-pdf":{"type":"file","raw":"","attachment_id":null},"article-toc-weight":{"type":"numeric","raw":"1"},"author-surname":{"type":"textfield","raw":"Csima"},"author-given-names":{"type":"textfield","raw":"Barbara"}}},"_links":{"self":[{"href":"https:\/\/notes.math.ca\/fr\/wp-json\/wp\/v2\/article\/17378","targetHints":{"allow":["GET"]}}],"collection":[{"href":"https:\/\/notes.math.ca\/fr\/wp-json\/wp\/v2\/article"}],"about":[{"href":"https:\/\/notes.math.ca\/fr\/wp-json\/wp\/v2\/types\/article"}],"author":[{"embeddable":true,"href":"https:\/\/notes.math.ca\/fr\/wp-json\/wp\/v2\/users\/11"}],"version-history":[{"count":1,"href":"https:\/\/notes.math.ca\/fr\/wp-json\/wp\/v2\/article\/17378\/revisions"}],"predecessor-version":[{"id":17379,"href":"https:\/\/notes.math.ca\/fr\/wp-json\/wp\/v2\/article\/17378\/revisions\/17379"}],"wp:attachment":[{"href":"https:\/\/notes.math.ca\/fr\/wp-json\/wp\/v2\/media?parent=17378"}],"wp:term":[{"taxonomy":"section","embeddable":true,"href":"https:\/\/notes.math.ca\/fr\/wp-json\/wp\/v2\/section?post=17378"},{"taxonomy":"keyword","embeddable":true,"href":"https:\/\/notes.math.ca\/fr\/wp-json\/wp\/v2\/keyword?post=17378"}],"curies":[{"name":"wp","href":"https:\/\/api.w.org\/{rel}","templated":true}]}}