{"id":18998,"date":"2025-01-23T09:25:32","date_gmt":"2025-01-23T14:25:32","guid":{"rendered":"https:\/\/notes.math.ca\/article\/reunion-dete-2025-de-la-smc-appel-aux-sessions-deducation\/"},"modified":"2025-01-27T13:43:19","modified_gmt":"2025-01-27T18:43:19","slug":"reunion-dete-2025-de-la-smc-appel-aux-sessions-deducation","status":"publish","type":"article","link":"https:\/\/notes.math.ca\/fr\/article\/reunion-dete-2025-de-la-smc-appel-aux-sessions-deducation\/","title":{"rendered":"R\u00e9union d\u2019et\u00e9 2025 de la SMC | Appel aux sessions d\u2019\u00e9ducation"},"content":{"rendered":"<div class=\"wp-block-image\">\n<figure class=\"aligncenter size-large is-resized\"><img fetchpriority=\"high\" decoding=\"async\" width=\"1024\" height=\"256\" src=\"https:\/\/notes.math.ca\/wp-content\/uploads\/2025\/01\/Google-Form-Headers-1-1536x384-1-1024x256.png\" alt=\"\" class=\"wp-image-18986\" style=\"width:832px;height:auto\" srcset=\"https:\/\/notes.math.ca\/wp-content\/uploads\/2025\/01\/Google-Form-Headers-1-1536x384-1-1024x256.png 1024w, https:\/\/notes.math.ca\/wp-content\/uploads\/2025\/01\/Google-Form-Headers-1-1536x384-1-300x75.png 300w, https:\/\/notes.math.ca\/wp-content\/uploads\/2025\/01\/Google-Form-Headers-1-1536x384-1-768x192.png 768w, https:\/\/notes.math.ca\/wp-content\/uploads\/2025\/01\/Google-Form-Headers-1-1536x384-1.png 1536w\" sizes=\"(max-width: 1024px) 100vw, 1024px\" \/><\/figure>\n<\/div>\n<p><\/p>\n\n<p>La Soci\u00e9t\u00e9 math\u00e9matique du Canada (SMC) accueille et invite les propositions de sessions d\u2019\u00e9ducation pour la R\u00e9union d\u2019\u00e9t\u00e9 2025 de la SMC, qui se tiendra \u00e0 Qu\u00e9bec (Qu\u00e9bec) du 6 au 9 juin 2025.<\/p>\n\n<p>Les propositions de sessions d\u2019\u00e9ducation seront s\u00e9lectionn\u00e9es par le Comit\u00e9 des sessions d\u2019\u00e9ducation des r\u00e9unions de la SMC, qui \u00e9tablira \u00e9galement le calendrier des sessions accept\u00e9es, en communication avec les co-organisateur.trice.s de la session.<\/p>\n\n<p>Conform\u00e9ment au mandat de la SMC de proposer des conf\u00e9rences accessibles et accueillantes pour tous les groupes, la diversit\u00e9 parmi les organisateur.trice.s et les conf\u00e9rencier.\u00e8re.s est fortement encourag\u00e9e. Afin de soutenir les organisateur.trice.s dans leur travail important et dans leurs efforts en faveur de l\u2019inclusion et de la diversit\u00e9, la SMC lancera un appel \u00e0 r\u00e9sum\u00e9s ouvert pour toutes les sessions, et demande aux organisateur.trice.s de prendre en consid\u00e9ration toutes les soumissions de r\u00e9sum\u00e9s \u00e9ligibles pour leur session.<\/p>\n\n<p>La SMC s\u2019efforce d\u2019organiser des r\u00e9unions inclusives avec une repr\u00e9sentation diversifi\u00e9e, et il est important de s\u2019efforcer d\u2019atteindre cet objectif lors de l\u2019organisation des sessions scientifiques. Veuillez\u00a0<span class=\"wixui-rich-text__text\"><a class=\"wixui-rich-text__text\" href=\"https:\/\/summer25.cms.math.ca\/fr\/_files\/ugd\/3bb014_dfbc7f5fd22a4ebf81396febeba6a5cf.pdf\" target=\"_blank\" rel=\"noopener\">consulter la page pour plus d\u2019informations<\/a><\/span>\u00a0sur ce que l\u2019on entend par diversit\u00e9 et pour des conseils sur l\u2019organisation d\u2019une session inclusive.<\/p>\n\n<p>Veuillez noter qu\u2019il y aura un appel distinct pour les sessions scientifiques.<\/p>\n\n<p>Toutes les sessions propos\u00e9es doivent \u00eatre conformes au code de conduite de la SMC.<\/p>\n\n<h5 class=\"wp-block-heading\"><h5 class=\"font_5 wixui-rich-text__text\">Les propositions doivent \u00eatre soumises en ligne et doivent comporter les \u00e9l\u00e9ments suivants :<\/h5><\/h5>\n\n<ol class=\"wp-block-list\">\n<li>Noms, affiliations et coordonn\u00e9es de tous les co-organisateur.trice.s de la session. Les chercheur.euse.s en d\u00e9but de carri\u00e8re sont invit\u00e9s \u00e0 proposer des sessions.<\/li>\n\n\n\n<li>Le titre de la session et un r\u00e9sum\u00e9 de deux \u00e0 trois phrases qui sera affich\u00e9 sur le site Web de la r\u00e9union si votre proposition est retenue.<\/li>\n\n\n\n<li>Une br\u00e8ve description du sujet et de l\u2019objectif de la session (1 \u00e0 2 paragraphes), pour examen par le Comit\u00e9 des r\u00e9unions d\u2019\u00e9ducation de la SMC, qui ne sera pas publi\u00e9e en ligne.<\/li>\n\n\n\n<li>Indiquez le nombre de blocs de temps n\u00e9cessaires. Un bloc peut durer entre 2 et 2,5 heures.<\/li>\n\n\n\n<li>Une liste d\u2019orateur.trice.s avec leur nom complet et leur affiliation, qui ont confirm\u00e9 ou qui ont exprim\u00e9 leur int\u00e9r\u00eat et ont \u00e9t\u00e9 approch\u00e9s, avant de soumettre la proposition. Il est vivement recommand\u00e9 de faire appel \u00e0 un ensemble d\u2019orateur.trice.s inclusif et diversifi\u00e9.<\/li>\n\n\n\n<li>La structure de votre session. Traditionnellement, chaque intervenant.e dispose de 20 minutes pour parler, de 5 minutes de questions-r\u00e9ponses et d\u2019une p\u00e9riode transitoire de 5 minutes. Nous sommes \u00e9galement ouverts \u00e0 d\u2019autres formats, tels qu\u2019un panel, une session interactive ou un atelier, des expos\u00e9s \u00e9clair de 10 minutes, etc.<\/li>\n<\/ol>\n\n<p>Les propositions seront s\u00e9lectionn\u00e9es par le Comit\u00e9 des r\u00e9unions d\u2019\u00e9ducation de la SMC. Si vous avez des questions, veuillez envoyer un courriel \u00e0 Andie Burazin (<a class=\"wixui-rich-text__text\" href=\"mailto:a.burazin@utoronto.ca\" data-auto-recognition=\"true\">a.burazin@utoronto.ca<\/a>) et Sarah Watson (<a class=\"wixui-rich-text__text\" href=\"mailto:meetings@cms.math.ca\" data-auto-recognition=\"true\">meetings@cms.math.ca<\/a>).<\/p>\n\n<p>La SMC demande aux organisateur.trice.s de sessions de prendre en consid\u00e9ration toutes les soumissions de r\u00e9sum\u00e9s \u00e9ligibles pour leur session, \u00e9tant donn\u00e9 que jusqu\u2019\u00e0 30 orateur.trice.s par session peuvent \u00eatre accueilli.e.s.<\/p>\n\n<p>Toutes les sessions auront lieu du 6 juin 2025 au 9 juin 2025.<\/p>\n\n<h5 class=\"wp-block-heading\"><h5 class=\"font_5 wixui-rich-text__text\">Formulaire de soumission et dates limites :<\/h5><\/h5>\n\n<p>Veuillez soumettre vos propositions en remplissant\u00a0<span class=\"wixui-rich-text__text\"><a class=\"wixui-rich-text__text\" href=\"https:\/\/docs.google.com\/forms\/d\/1Sqr7Pao4iJhS2arYuXFXJFcJXhR1HCOXq6T0T0W62_o\/edit\" target=\"_blank\" rel=\"noreferrer noopener\">ce formulaire<\/a><\/span>. Il y aura deux s\u00e9ries de soumissions. Les propositions soumises avant le 31 janvier 2025 seront examin\u00e9es lors du premier tour, la pr\u00e9f\u00e9rence \u00e9tant donn\u00e9e aux propositions soumises lors du premier tour. \u00a0La date limite pour le deuxi\u00e8me tour sera le 14 mars 2025.<\/p>\n\n<div class=\"tb-button\" data-toolset-blocks-button=\"0b45b9577a7a257e90b50ca26b91bfce\"><a class=\"tb-button__link\" href=\"https:\/\/docs.google.com\/forms\/d\/e\/1FAIpQLSeybrrFpV2JyezEqOVl2JB6-WKZU4gvWFpUuR1QtqItbMegNQ\/viewform?usp=sf_link\" target=\"_blank\"><i class=\"tb-button__icon\"><\/i><span class=\"tb-button__content\">Soumettre une session<\/span><\/a><\/div>\n","protected":false},"author":11,"template":"","section":[63],"keyword":[503],"class_list":["post-18998","article","type-article","status-publish","hentry","section-reunions-de-la-smc","keyword-reunion-dete-de-la-smc"],"toolset-meta":{"author-4-info":{"author-4-surname":{"type":"textfield","raw":""},"author-4-given-names":{"type":"textfield","raw":""},"author-4-honorific":{"type":"textfield","raw":""},"author-4-institution":{"type":"textfield","raw":""},"author-4-email":{"type":"email","raw":""},"author-4-cms-role":{"type":"textfield","raw":""}},"author-3-info":{"author-3-surname":{"type":"textfield","raw":""},"author-3-given-names":{"type":"textfield","raw":""},"author-3-honorific":{"type":"textfield","raw":""},"author-3-institution":{"type":"textfield","raw":""},"author-3-email":{"type":"email","raw":""},"author-3-cms-role":{"type":"textfield","raw":""}},"author-2-info":{"author-2-surname":{"type":"textfield","raw":""},"author-2-given-names":{"type":"textfield","raw":""},"author-2-honorific":{"type":"textfield","raw":""},"author-2-institution":{"type":"textfield","raw":""},"author-2-email":{"type":"email","raw":""},"author-2-cms-role":{"type":"textfield","raw":""}},"author-info":{"author-surname":{"type":"textfield","raw":""},"author-given-names":{"type":"textfield","raw":""},"author-honorific":{"type":"textfield","raw":""},"author-email":{"type":"email","raw":""},"author-institution":{"type":"textfield","raw":""},"author-cms-role":{"type":"textfield","raw":""}},"unknown":{"downloadable-pdf":{"type":"file","raw":"https:\/\/notes.math.ca\/wp-content\/uploads\/2025\/01\/15-Reunion-dete-2025-de-la-SMC-_-Appel-aux-sessions-deducation-\u2013-Notes-de-la-SMC.pdf","attachment_id":19115},"article-toc-weight":{"type":"numeric","raw":"8"},"author-surname":{"type":"textfield","raw":""},"author-given-names":{"type":"textfield","raw":""}}},"_links":{"self":[{"href":"https:\/\/notes.math.ca\/fr\/wp-json\/wp\/v2\/article\/18998","targetHints":{"allow":["GET"]}}],"collection":[{"href":"https:\/\/notes.math.ca\/fr\/wp-json\/wp\/v2\/article"}],"about":[{"href":"https:\/\/notes.math.ca\/fr\/wp-json\/wp\/v2\/types\/article"}],"author":[{"embeddable":true,"href":"https:\/\/notes.math.ca\/fr\/wp-json\/wp\/v2\/users\/11"}],"version-history":[{"count":1,"href":"https:\/\/notes.math.ca\/fr\/wp-json\/wp\/v2\/article\/18998\/revisions"}],"predecessor-version":[{"id":18999,"href":"https:\/\/notes.math.ca\/fr\/wp-json\/wp\/v2\/article\/18998\/revisions\/18999"}],"wp:attachment":[{"href":"https:\/\/notes.math.ca\/fr\/wp-json\/wp\/v2\/media?parent=18998"}],"wp:term":[{"taxonomy":"section","embeddable":true,"href":"https:\/\/notes.math.ca\/fr\/wp-json\/wp\/v2\/section?post=18998"},{"taxonomy":"keyword","embeddable":true,"href":"https:\/\/notes.math.ca\/fr\/wp-json\/wp\/v2\/keyword?post=18998"}],"curies":[{"name":"wp","href":"https:\/\/api.w.org\/{rel}","templated":true}]}}