{"id":19228,"date":"2025-03-31T09:27:09","date_gmt":"2025-03-31T13:27:09","guid":{"rendered":"https:\/\/notes.math.ca\/article\/appel-aux-mises-en-nomination-redacteur-en-chef-rec-crux-mathematicorum-2\/"},"modified":"2025-04-03T09:05:59","modified_gmt":"2025-04-03T13:05:59","slug":"appel-aux-mises-en-nomination-redacteur-en-chef-rec-crux-mathematicorum-2","status":"publish","type":"article","link":"https:\/\/notes.math.ca\/fr\/article\/appel-aux-mises-en-nomination-redacteur-en-chef-rec-crux-mathematicorum-2\/","title":{"rendered":"Appel aux mises en nomination : R\u00e9dacteur en chef (REC), Crux Mathematicorum"},"content":{"rendered":"\n<p>La SMC invite les manifestations d\u2019int\u00e9r\u00eat pour le poste de\u00a0<b>r\u00e9dacteur en chef (REC) de Crux<\/b>\u00a0; un REC est recherch\u00e9, avec un mandat de cinq ans pr\u00e9vu pour d\u00e9buter le\u00a0<b>1er janvier 2026<\/b>. Un financement de la SMC est disponible pour ce poste de r\u00e9dacteur en chef.<\/p>\n\n<p>Depuis 1975, Crux Mathematicorum publie des probl\u00e8mes et des solutions, destin\u00e9s principalement aux \u00e9tudiants du secondaire et du premier cycle. D\u2019abord par abonnement, et maintenant en tant que publication en ligne gratuite, Crux fournit une ressource pr\u00e9cieuse aux \u00e9tudiants et aux \u00e9ducateurs du monde entier. Pour en savoir plus sur la publication, consultez le site Web :\u00a0<a href=\"https:\/\/smc.math.ca\/publications\/crux-fr\/\">https:\/\/smc.math.ca\/publications\/crux-fr\/<\/a>\u00a0Les manifestations d\u2019int\u00e9r\u00eat doivent comprendre une lettre de motivation, votre curriculum vitae et une expression de votre point de vue sur la publication, y compris toute proposition de changement ou de nouvelle orientation des politiques. Veuillez \u00e9galement inclure une indication du soutien de votre institution d\u2019origine.<\/p>\n\n<p>Veuillez soumettre votre manifestation d\u2019int\u00e9r\u00eat par voie \u00e9lectronique \u00e0\u00a0<a href=\"mailto:communications@cms.math.ca\">communications@cms.math.ca<\/a>\u00a0avant le\u00a0<b>15 juillet 2025.<\/b><\/p>\n\n<p>Pour consulter les termes de mandat de ce poste, veuillez vous rendre sur le site Web :\u00a0<a href=\"https:\/\/smc.math.ca\/apropos-de-la-smc\/la-gouvernance\/termes-de-mandat\/\">https:\/\/smc.math.ca\/apropos-de-la-smc\/la-gouvernance\/termes-de-mandat\/<\/a><\/p>\n","protected":false},"author":11,"template":"","section":[65],"keyword":[],"class_list":["post-19228","article","type-article","status-publish","hentry","section-appel-de-candidatures"],"toolset-meta":{"author-4-info":{"author-4-surname":{"type":"textfield","raw":""},"author-4-given-names":{"type":"textfield","raw":""},"author-4-honorific":{"type":"textfield","raw":""},"author-4-institution":{"type":"textfield","raw":""},"author-4-email":{"type":"email","raw":""},"author-4-cms-role":{"type":"textfield","raw":""}},"author-3-info":{"author-3-surname":{"type":"textfield","raw":""},"author-3-given-names":{"type":"textfield","raw":""},"author-3-honorific":{"type":"textfield","raw":""},"author-3-institution":{"type":"textfield","raw":""},"author-3-email":{"type":"email","raw":""},"author-3-cms-role":{"type":"textfield","raw":""}},"author-2-info":{"author-2-surname":{"type":"textfield","raw":""},"author-2-given-names":{"type":"textfield","raw":""},"author-2-honorific":{"type":"textfield","raw":""},"author-2-institution":{"type":"textfield","raw":""},"author-2-email":{"type":"email","raw":""},"author-2-cms-role":{"type":"textfield","raw":""}},"author-info":{"author-surname":{"type":"textfield","raw":""},"author-given-names":{"type":"textfield","raw":""},"author-honorific":{"type":"textfield","raw":""},"author-email":{"type":"email","raw":""},"author-institution":{"type":"textfield","raw":""},"author-cms-role":{"type":"textfield","raw":""}},"unknown":{"downloadable-pdf":{"type":"file","raw":"https:\/\/notes.math.ca\/wp-content\/uploads\/2025\/03\/Appel-aux-mises-en-nomination-_-Redacteur-en-chef-REC-Crux-Mathematicorum-\u2013-Notes-de-la-SMC.pdf","attachment_id":19312},"article-toc-weight":{"type":"numeric","raw":"6"},"author-surname":{"type":"textfield","raw":""},"author-given-names":{"type":"textfield","raw":""}}},"_links":{"self":[{"href":"https:\/\/notes.math.ca\/fr\/wp-json\/wp\/v2\/article\/19228","targetHints":{"allow":["GET"]}}],"collection":[{"href":"https:\/\/notes.math.ca\/fr\/wp-json\/wp\/v2\/article"}],"about":[{"href":"https:\/\/notes.math.ca\/fr\/wp-json\/wp\/v2\/types\/article"}],"author":[{"embeddable":true,"href":"https:\/\/notes.math.ca\/fr\/wp-json\/wp\/v2\/users\/11"}],"version-history":[{"count":1,"href":"https:\/\/notes.math.ca\/fr\/wp-json\/wp\/v2\/article\/19228\/revisions"}],"predecessor-version":[{"id":19229,"href":"https:\/\/notes.math.ca\/fr\/wp-json\/wp\/v2\/article\/19228\/revisions\/19229"}],"wp:attachment":[{"href":"https:\/\/notes.math.ca\/fr\/wp-json\/wp\/v2\/media?parent=19228"}],"wp:term":[{"taxonomy":"section","embeddable":true,"href":"https:\/\/notes.math.ca\/fr\/wp-json\/wp\/v2\/section?post=19228"},{"taxonomy":"keyword","embeddable":true,"href":"https:\/\/notes.math.ca\/fr\/wp-json\/wp\/v2\/keyword?post=19228"}],"curies":[{"name":"wp","href":"https:\/\/api.w.org\/{rel}","templated":true}]}}