{"id":19497,"date":"2025-05-14T12:04:51","date_gmt":"2025-05-14T16:04:51","guid":{"rendered":"https:\/\/notes.math.ca\/article\/les-etudes-superieures-a-luniversite-concordia-de-montreal-malgre-des-montagnes-russes-de-politiques\/"},"modified":"2025-06-25T11:23:30","modified_gmt":"2025-06-25T15:23:30","slug":"les-etudes-superieures-a-luniversite-concordia-de-montreal-malgre-des-montagnes-russes-de-politiques","status":"publish","type":"article","link":"https:\/\/notes.math.ca\/fr\/article\/les-etudes-superieures-a-luniversite-concordia-de-montreal-malgre-des-montagnes-russes-de-politiques\/","title":{"rendered":"Les \u00e9tudes sup\u00e9rieures \u00e0 l&rsquo;Universit\u00e9 Concordia de Montr\u00e9al malgr\u00e9 des montagnes russes de politiques"},"content":{"rendered":"\n<p>\u00c0 la fin du mois d&rsquo;avril 2025, la Cour sup\u00e9rieure du Qu\u00e9bec s&rsquo;est prononc\u00e9e contre des \u00e9l\u00e9ments cl\u00e9s des changements apport\u00e9s par le gouvernement provincial \u00e0 la politique sur les droits de scolarit\u00e9 en 2023, qui touchent les \u00e9tudiants de l&rsquo;ext\u00e9rieur de la province dans les universit\u00e9s anglophones. Le tribunal a invalid\u00e9 la d\u00e9cision du gouvernement d&rsquo;augmenter les frais de scolarit\u00e9 pour les \u00e9tudiants canadiens de l&rsquo;ext\u00e9rieur du Qu\u00e9bec. La structure actuelle des frais de scolarit\u00e9 restera temporairement en place, car le gouvernement s&rsquo;est vu accorder un d\u00e9lai de neuf mois pour r\u00e9viser sa r\u00e9glementation.<\/p>\n\n<p>Comme vous vous en souvenez peut-\u00eatre, en 2023, le gouvernement provincial du Qu\u00e9bec a mis en place une politique controvers\u00e9e augmentant de mani\u00e8re significative les frais de scolarit\u00e9 pour les \u00e9tudiants canadiens d&rsquo;autres provinces qui \u00e9tudient dans des universit\u00e9s anglophones. McGill et Concordia ont averti que la nouvelle structure dissuaderait des milliers d&rsquo;\u00e9tudiants potentiels et entra\u00eenerait une forte baisse des demandes d&rsquo;admission. En r\u00e9ponse, les deux universit\u00e9s ont mis en place des bourses hors province pour les candidats \u00e9ligibles au premier cycle, ainsi qu&rsquo;un soutien cibl\u00e9 pour les \u00e9tudiants des cycles sup\u00e9rieurs venant de l&rsquo;ext\u00e9rieur du Qu\u00e9bec, d&rsquo;autant plus que certains programmes de cycles sup\u00e9rieurs ont \u00e9t\u00e9 s\u00e9lectivement touch\u00e9s. Alors qu&rsquo;il reste moins de 20 jours au gouvernement pour faire appel de la d\u00e9cision de la Cour au moment o\u00f9 j&rsquo;\u00e9cris ces lignes, il est probable que ce n&rsquo;est pas la derni\u00e8re fois que nous entendons parler de cette politique.<\/p>\n\n<p>En f\u00e9vrier de cette ann\u00e9e, pour la premi\u00e8re fois depuis longtemps, notre programme d&rsquo;\u00e9tudes sup\u00e9rieures \u00e0 l&rsquo;Universit\u00e9 Concordia comptait plus de bourses d&rsquo;\u00e9tudes pour les \u00e9tudiants canadiens de troisi\u00e8me cycle que de candidats. On pense que le principal facteur contributif est pr\u00e9cis\u00e9ment la hausse des droits de scolarit\u00e9 pour les \u00e9tudiants de l&rsquo;ext\u00e9rieur de la province, qui faisait encore l&rsquo;objet d&rsquo;une contestation judiciaire au moment o\u00f9 la plupart des demandes devaient \u00eatre d\u00e9pos\u00e9es. De nombreux candidats potentiels ont probablement vu les gros titres ou les commentaires sur les m\u00e9dias sociaux et ont suppos\u00e9 que l&rsquo;augmentation des co\u00fbts s&rsquo;appliquait universellement. Peu d&rsquo;entre eux ont pris le temps de faire la diff\u00e9rence entre les diff\u00e9rents niveaux de dipl\u00f4mes ou les diff\u00e9rents types de programmes. Il convient de souligner que cette augmentation des frais de scolarit\u00e9 ne s&rsquo;appliquait pas aux \u00e9tudiants en doctorat. Pourtant, cette nuance aurait pu \u00eatre facilement perdue dans le r\u00e9cit public.<\/p>\n\n<p>Cependant, cet article n&rsquo;a pas pour but de discuter des d\u00e9tails de la loi ou de ses effets sur le paysage socio-\u00e9conomique du Qu\u00e9bec. Je veux plut\u00f4t me concentrer sur les programmes d&rsquo;\u00e9tudes sup\u00e9rieures de mon d\u00e9partement \u00e0 l&rsquo;Universit\u00e9 Concordia et plaider pour que les \u00e9tudiants potentiels des cycles sup\u00e9rieurs en sciences math\u00e9matiques choisissent cette universit\u00e9 malgr\u00e9 les montagnes russes de la politique sur les droits de scolarit\u00e9. <\/p>\n\n<p>Il m&rsquo;est apparu que nous ne parlons pas assez des avantages d&rsquo;\u00e9tudier \u00e0 Concordia. Les forces de notre d\u00e9partement de recherche en sciences math\u00e9matiques comprennent, entre autres, la th\u00e9orie des nombres, l&rsquo;analyse g\u00e9om\u00e9trique, l&rsquo;analyse des donn\u00e9es, les math\u00e9matiques financi\u00e8res et les statistiques. <a href=\"https:\/\/www.concordia.ca\/artsci\/math-stats\/programs\/graduate.html\">https:\/\/www.concordia.ca\/artsci\/math-stats\/programs\/graduate.html<\/a> Nos forces en mati\u00e8re de recherche proviennent \u00e9galement de l&rsquo;organisation unique des membres du corps professoral en sciences math\u00e9matiques, qui sont regroup\u00e9s par domaine plut\u00f4t que par affiliation \u00e0 des d\u00e9partements universitaires sp\u00e9cifiques. Qu&rsquo;il s&rsquo;agisse de th\u00e9orie des nombres, d&rsquo;analyse ou de statistiques, des s\u00e9minaires et des ateliers hebdomadaires sont organis\u00e9s ensemble dans chacune des quatre universit\u00e9s.<\/p>\n\n<p>De plus, les \u00e9tudiants de ma\u00eetrise et de doctorat en math\u00e9matiques b\u00e9n\u00e9ficient \u00e9norm\u00e9ment de l&rsquo;<strong>Institut des sciences math\u00e9matiques (ISM)<\/strong>, un consortium de sept universit\u00e9s qu\u00e9b\u00e9coises. Cette structure interuniversitaire permet aux \u00e9tudiants :<\/p>\n\n<ul class=\"wp-block-list\">\n<li>D\u2019acc\u00e9der, s&rsquo;inscrire et obtenir des cr\u00e9dits pour des cours dans plusieurs \u00e9tablissements (McGill et l&rsquo;UQAM sont \u00e0 10 ou 15 minutes \u00e0 pied, et m\u00eame l&rsquo;Universit\u00e9 de Montr\u00e9al n&rsquo;est pas tr\u00e8s loin) ;<\/li>\n\n\n\n<li>De b\u00e9n\u00e9ficier d&rsquo;un r\u00e9seau \u00e9tendu de superviseurs et de mentors ; la co-supervision, m\u00eame entre membres de facult\u00e9s de diff\u00e9rentes universit\u00e9s, est tr\u00e8s fr\u00e9quente;<\/li>\n\n\n\n<li>D\u2019avoir des opportunit\u00e9s de s\u00e9minaires avanc\u00e9s et de collaborations, 2 \u00e0 3 \u00e9coles d&rsquo;\u00e9t\u00e9 chaque ann\u00e9e, voir celles \u00e0 venir en science des donn\u00e9es (mai 2025), et sur la g\u00e9om\u00e9trie convexe et l&rsquo;analyse spectrale (ao\u00fbt 2025) : <a href=\"https:\/\/ism.uqam.ca\/academics\/%232%20\">https:\/\/ism.uqam.ca\/academics\/#2<\/a> ;<\/li>\n\n\n\n<li>\u2022\tD\u2019avoir acc\u00e8s \u00e0 des dopportunit\u00e9s de financement de voyages dans des \u00e9coles, conf\u00e9rences et ateliers en dehors de la province, et \u00e0 l&rsquo;international, pour les \u00e9tudiants inscrits dans l&rsquo;une des universit\u00e9s qu\u00e9b\u00e9coises.<\/li>\n<\/ul>\n\n<p>Il ne s&rsquo;agit pas d&rsquo;une simple commodit\u00e9 administrative. Il s&rsquo;agit d&rsquo;un \u00e9cosyst\u00e8me de recherche int\u00e9gr\u00e9.<\/p>\n\n<p>Montr\u00e9al abrite \u00e9galement le <strong>Centre de recherches math\u00e9matiques (CRM)<\/strong>, l&rsquo;un des principaux instituts de recherche en sciences math\u00e9matiques du Canada. Le CRM accueille r\u00e9guli\u00e8rement des programmes th\u00e9matiques, des ateliers et des chercheurs invit\u00e9s du monde entier, ce qui en fait une plaque tournante de l&rsquo;activit\u00e9 internationale. En tant qu&rsquo;\u00e9tudiant de ma\u00eetrise ou de doctorat, vous avez la possibilit\u00e9 de participer \u00e0 des recherches de pointe au-del\u00e0 du d\u00e9partement, d&rsquo;acc\u00e9der \u00e0 des conf\u00e9rences internationales sans avoir \u00e0 vous d\u00e9placer et d&rsquo;\u00eatre expos\u00e9 \u00e0 un large \u00e9ventail de sujets et de chercheurs.<\/p>\n\n<p>En plus de ses opportunit\u00e9s acad\u00e9miques et professionnelles, Montr\u00e9al offre une grande qualit\u00e9 de vie \u00e0 un co\u00fbt relativement bas. Le co\u00fbt de la vie est nettement inf\u00e9rieur \u00e0 celui de villes comme Toronto ou Vancouver. Les \u00e9tudiants b\u00e9n\u00e9ficient de transports en commun subventionn\u00e9s et de logements abordables. Ai-je mentionn\u00e9 que Montr\u00e9al est r\u00e9guli\u00e8rement class\u00e9e comme l&rsquo;une des meilleures villes au monde pour les \u00e9tudiants ? Elle offre une vie sociale dynamique, une multitude d&rsquo;espaces verts et une sc\u00e8ne artistique et festivali\u00e8re in\u00e9gal\u00e9e. Du Festival international de jazz annuel \u00e0 l&rsquo;\u00e9v\u00e9nement comique mondialement connu Juste pour rire, il se passe toujours quelque chose dans la ville. <\/p>\n\n<p>Pour en revenir aux \u00e9tudes, j&rsquo;ai \u00e9t\u00e9 particuli\u00e8rement impressionn\u00e9 cet automne par un nouveau programme dans lequel quelques-uns de mes propres \u00e9tudiants dipl\u00f4m\u00e9s sont activement impliqu\u00e9s \u00e0 l&rsquo;Universit\u00e9 Concordia. Connu sous le nom de Directed REAding in Mathematics and Statistics (DREAMS), il s&rsquo;agit d&rsquo;un programme dirig\u00e9 par des \u00e9tudiants de deuxi\u00e8me cycle qui offre aux \u00e9tudiants de premier cycle un environnement convivial et accueillant pour explorer des sujets avanc\u00e9s en math\u00e9matiques et en statistiques au-del\u00e0 du programme d&rsquo;\u00e9tudes habituel. Il s&rsquo;agit d&rsquo;un programme de supervision par les pairs, dans le cadre duquel les \u00e9tudiants de premier cycle sont encadr\u00e9s par des \u00e9tudiants de deuxi\u00e8me cycle \u00e0 raison d&rsquo;une fois par semaine, les \u00e9tudiants de premier cycle pr\u00e9sentant ensuite un expos\u00e9 sur le sujet de leur choix. Il s&rsquo;agit d&rsquo;un excellent moyen de faciliter l&rsquo;entr\u00e9e d&rsquo;un \u00e9tudiant dipl\u00f4m\u00e9 dans une carri\u00e8re universitaire d&rsquo;encadrement d&rsquo;\u00e9tudiants. <\/p>\n\n<p>En bref, \u00e9tudier \u00e0 Concordia est l&rsquo;occasion pour les \u00e9tudiants de ma\u00eetrise et de doctorat de compl\u00e9ter leur dipl\u00f4me dans une ville qui soutient activement la vie intellectuelle. Ne vous laissez pas dissuader par le bruit temporaire de la politique sur les droits de scolarit\u00e9. Les possibilit\u00e9s de recherche sont l\u00e0. Si vous envisagez d&rsquo;obtenir un dipl\u00f4me d&rsquo;\u00e9tudes sup\u00e9rieures en sciences math\u00e9matiques, c&rsquo;est le bon moment pour venir. Si vous \u00eates un membre du corps enseignant et que vous lisez ces lignes, pensez \u00e0 partager ces opportunit\u00e9s avec vos \u00e9tudiants de premier cycle et de ma\u00eetrise. Plus encore, envisagez de cosuperviser un \u00e9tudiant avec un coll\u00e8gue de Concordia. Nous avons d\u00e9j\u00e0 des exemples r\u00e9cents de cosupervision r\u00e9ussie entre des professeurs de Concordia et des coll\u00e8gues de l&rsquo;Universit\u00e9 de Toronto, entre autres.<\/p>\n\n<figure class=\"wp-block-image size-full is-resized\"><img fetchpriority=\"high\" decoding=\"async\" width=\"215\" height=\"320\" src=\"https:\/\/notes.math.ca\/wp-content\/uploads\/2025\/05\/Portrait_Alina_Stancu.jpeg\" alt=\"\" class=\"wp-image-19499\" style=\"width:130px;height:auto\" srcset=\"https:\/\/notes.math.ca\/wp-content\/uploads\/2025\/05\/Portrait_Alina_Stancu.jpeg 215w, https:\/\/notes.math.ca\/wp-content\/uploads\/2025\/05\/Portrait_Alina_Stancu-202x300.jpeg 202w\" sizes=\"(max-width: 215px) 100vw, 215px\" \/><figcaption class=\"wp-element-caption\">Alina Stancu (Concordia University)<\/figcaption><\/figure>\n","protected":false},"author":11,"template":"","section":[24],"keyword":[],"class_list":["post-19497","article","type-article","status-publish","hentry","section-article-de-couverture"],"toolset-meta":{"author-4-info":{"author-4-surname":{"type":"textfield","raw":""},"author-4-given-names":{"type":"textfield","raw":""},"author-4-honorific":{"type":"textfield","raw":""},"author-4-institution":{"type":"textfield","raw":""},"author-4-email":{"type":"email","raw":""},"author-4-cms-role":{"type":"textfield","raw":""}},"author-3-info":{"author-3-surname":{"type":"textfield","raw":""},"author-3-given-names":{"type":"textfield","raw":""},"author-3-honorific":{"type":"textfield","raw":""},"author-3-institution":{"type":"textfield","raw":""},"author-3-email":{"type":"email","raw":""},"author-3-cms-role":{"type":"textfield","raw":""}},"author-2-info":{"author-2-surname":{"type":"textfield","raw":""},"author-2-given-names":{"type":"textfield","raw":""},"author-2-honorific":{"type":"textfield","raw":""},"author-2-institution":{"type":"textfield","raw":""},"author-2-email":{"type":"email","raw":""},"author-2-cms-role":{"type":"textfield","raw":""}},"author-info":{"author-surname":{"type":"textfield","raw":"Stancu"},"author-given-names":{"type":"textfield","raw":"Alina"},"author-honorific":{"type":"textfield","raw":"Dr."},"author-email":{"type":"email","raw":"alina.stancu.concordia@gmail.com"},"author-institution":{"type":"textfield","raw":"Concordia University"},"author-cms-role":{"type":"textfield","raw":"Director VP - Quebec"}},"unknown":{"downloadable-pdf":{"type":"file","raw":"https:\/\/notes.math.ca\/wp-content\/uploads\/2025\/05\/2-Les-etudes-superieures-a-lUniversite-Concordia-de-Montreal-malgre-des-montagnes-russes-de-politiques-\u2013-Notes-de-la-SMC.pdf","attachment_id":19859},"article-toc-weight":{"type":"numeric","raw":"1"},"author-surname":{"type":"textfield","raw":"Stancu"},"author-given-names":{"type":"textfield","raw":"Alina"}}},"_links":{"self":[{"href":"https:\/\/notes.math.ca\/fr\/wp-json\/wp\/v2\/article\/19497","targetHints":{"allow":["GET"]}}],"collection":[{"href":"https:\/\/notes.math.ca\/fr\/wp-json\/wp\/v2\/article"}],"about":[{"href":"https:\/\/notes.math.ca\/fr\/wp-json\/wp\/v2\/types\/article"}],"author":[{"embeddable":true,"href":"https:\/\/notes.math.ca\/fr\/wp-json\/wp\/v2\/users\/11"}],"version-history":[{"count":2,"href":"https:\/\/notes.math.ca\/fr\/wp-json\/wp\/v2\/article\/19497\/revisions"}],"predecessor-version":[{"id":19663,"href":"https:\/\/notes.math.ca\/fr\/wp-json\/wp\/v2\/article\/19497\/revisions\/19663"}],"wp:attachment":[{"href":"https:\/\/notes.math.ca\/fr\/wp-json\/wp\/v2\/media?parent=19497"}],"wp:term":[{"taxonomy":"section","embeddable":true,"href":"https:\/\/notes.math.ca\/fr\/wp-json\/wp\/v2\/section?post=19497"},{"taxonomy":"keyword","embeddable":true,"href":"https:\/\/notes.math.ca\/fr\/wp-json\/wp\/v2\/keyword?post=19497"}],"curies":[{"name":"wp","href":"https:\/\/api.w.org\/{rel}","templated":true}]}}