{"id":19551,"date":"2025-05-21T10:54:45","date_gmt":"2025-05-21T14:54:45","guid":{"rendered":"https:\/\/notes.math.ca\/article\/reunion-dhiver-2025-de-la-smc-appel-aux-sessions-scientifiques\/"},"modified":"2025-06-24T12:06:17","modified_gmt":"2025-06-24T16:06:17","slug":"reunion-dhiver-2025-de-la-smc-appel-aux-sessions-scientifiques","status":"publish","type":"article","link":"https:\/\/notes.math.ca\/fr\/article\/reunion-dhiver-2025-de-la-smc-appel-aux-sessions-scientifiques\/","title":{"rendered":"R\u00e9union d\u2019hiver 2025 de la SMC | Appel aux sessions scientifiques"},"content":{"rendered":"<div class=\"wp-block-image\">\n<figure class=\"aligncenter size-large is-resized\"><img fetchpriority=\"high\" decoding=\"async\" width=\"1024\" height=\"256\" src=\"https:\/\/notes.math.ca\/wp-content\/uploads\/2025\/05\/Google-Form-Headers-9-1536x384-1-1024x256.png\" alt=\"\" class=\"wp-image-19547\" style=\"width:964px;height:auto\" srcset=\"https:\/\/notes.math.ca\/wp-content\/uploads\/2025\/05\/Google-Form-Headers-9-1536x384-1-1024x256.png 1024w, https:\/\/notes.math.ca\/wp-content\/uploads\/2025\/05\/Google-Form-Headers-9-1536x384-1-300x75.png 300w, https:\/\/notes.math.ca\/wp-content\/uploads\/2025\/05\/Google-Form-Headers-9-1536x384-1-768x192.png 768w, https:\/\/notes.math.ca\/wp-content\/uploads\/2025\/05\/Google-Form-Headers-9-1536x384-1.png 1536w\" sizes=\"(max-width: 1024px) 100vw, 1024px\" \/><\/figure>\n<\/div>\n<p><\/p>\n\n<p>La Soci\u00e9t\u00e9 math\u00e9matique du Canada (SMC) accueille et invite les propositions de sessions scientifiques pour la r\u00e9union d\u2019hiver 2025 de la SMC \u00e0 Toronto, Ontario, du 5 au 8 d\u00e9cembre 2025.<\/p>\n\n<ul class=\"wp-block-list\">\n<li>L\u2019objectif des sessions scientifiques est de partager la recherche de pointe sur un sujet math\u00e9matique donn\u00e9, tel que sugg\u00e9r\u00e9 par les organisateur.trice.s.<\/li>\n\n\n\n<li>Les sessions sont programm\u00e9es par blocs, chaque bloc ayant une dur\u00e9e de 2 \u00e0 2,5 heures, et se d\u00e9roulent \u00e0 partir de 6 au 9 juin. Les sessions scientifiques typiques comportent entre 9 et 18 expos\u00e9s de 20 minutes chacun, avec 10 minutes entre les expos\u00e9s, mais des expos\u00e9s de 50 minutes sont possibles. En effet, les organisateur.trice.s sont invit\u00e9.e.s \u00e0 proposer une utilisation non traditionnelle des horaires et du format des blocs.<\/li>\n\n\n\n<li>Conform\u00e9ment au mandat de la SMC de proposer des conf\u00e9rences accessibles et accueillantes pour tous les groupes, la diversit\u00e9 parmi les organisateur.trice.s et les conf\u00e9rencier.\u00e8re.s est fortement encourag\u00e9e. Afin de soutenir les organisateur.trice.s dans leur travail important et dans leurs efforts en faveur de l\u2019inclusion et de la diversit\u00e9, la SMC lancera un appel \u00e0 r\u00e9sum\u00e9s ouvert pour toutes les sessions, et demande aux organisateur.trice.s de prendre en consid\u00e9ration toutes les soumissions de r\u00e9sum\u00e9s \u00e9ligibles pour leur session.<\/li>\n\n\n\n<li>La diversit\u00e9 comprend les sujets d\u2019int\u00e9r\u00eat, les \u00e9tapes de la carri\u00e8re, la situation g\u00e9ographique et les donn\u00e9es d\u00e9mographiques ; les groupes sous-repr\u00e9sent\u00e9s d\u00e9sign\u00e9s comprennent, sans s\u2019y limiter, les femmes, les peuples autochtones, les personnes handicap\u00e9es, les membres de minorit\u00e9s visibles\/de groupes raciaux et les membres des communaut\u00e9s LGBTQ2+.<\/li>\n\n\n\n<li>Veuillez noter qu\u2019il existe un appel distinct pour les sessions d\u2019\u00e9ducation.<\/li>\n\n\n\n<li>Toutes les sessions propos\u00e9es doivent \u00eatre conformes au code de conduite de la SMC.<\/li>\n<\/ul>\n\n<h5 class=\"wp-block-heading\"><h5 class=\"font_5 wixui-rich-text__text\">Les propositions doivent \u00eatre soumises en ligne et doivent<br class=\"wixui-rich-text__text\"\/>comporter les \u00e9l\u00e9ments suivants :<\/h5><\/h5>\n\n<ol class=\"wp-block-list\">\n<li>Les noms, affiliations et coordonn\u00e9es de deux ou trois organisateurs : Un organisateur principal et un ou deux co-organisateurs.<\/li>\n\n\n\n<li>Un titre et un r\u00e9sum\u00e9 de deux \u00e0 trois phrases qui seront affich\u00e9s sur le site Web \u00e0 l\u2019intention des orateurs potentiels.<\/li>\n\n\n\n<li>Le nombre de blocs demand\u00e9s (les blocs durent 2 ou 2,5 heures).<\/li>\n\n\n\n<li>Un fichier pdf comprenant une description du sujet et de l\u2019objectif de la session (1 \u00e0 2 paragraphes), pour examen par le comit\u00e9 scientifique, qui ne sera pas affich\u00e9.<\/li>\n\n\n\n<li><p class=\"font_8 wixui-rich-text__text\">Une feuille de calcul comprenant la liste des orateur.trice.s potentiel.le.s. Les colonnes \u00ab Nom \u00bb, \u00ab Pr\u00e9nom \u00bb, \u00ab Affiliation \u00bb, \u00ab Stade de carri\u00e8re \u00bb et \u00ab Page web \u00bb doivent contenir autant d\u2019informations que possible sur les orateur.trice.s potentiel.le.s. Ce fichier ne sera pas publi\u00e9. Le mod\u00e8le de la liste des orateur.trice.s potentiel.le.s est disponible ici.<\/p><\/li>\n<\/ol>\n\n<p>Les propositions seront s\u00e9lectionn\u00e9es par le comit\u00e9 d\u2019organisation scientifique, dans la limite des places disponibles dans les salles de classe, avec une priorit\u00e9 pour les sessions qui montrent l\u2019intention d\u2019inclure un m\u00e9lange de chercheur.cheuse.s senior.e.s et junior.e.s, de rendre certaines parties de leur session accessibles aux \u00e9tudiant.e.s de troisi\u00e8me cycle, et d\u2019inclure des orateur.trice.s issus de groupes sous-repr\u00e9sent\u00e9s d\u00e9sign\u00e9s.<\/p>\n\n<h5 class=\"wp-block-heading\"><h5 class=\"font_5 wixui-rich-text__text\">Note sur les organisateur.trice.s<\/h5><\/h5>\n\n<p>L\u2019organisateur.trice principal.e doit \u00eatre titulaire d\u2019un doctorat ou d\u2019un dipl\u00f4me \u00e9quivalent dans le domaine d\u2019expertise correspondant au sujet de la session. L\u2019id\u00e9al serait qu\u2019un.e chercheur.euse exp\u00e9riment\u00e9.e (par exemple, un.e professeur.e ou un.e professeur.e associ\u00e9.e) soit associ\u00e9.e \u00e0 une personne en d\u00e9but de carri\u00e8re (par exemple, un.e professeur.e assistant.e ou un.e boursier.\u00e8re postdoctoral.e).<br\/><br\/>Nous demandons \u00e0 chaque organisateur.trice potentiel.le de ne proposer qu\u2019une seule session.<\/p>\n\n<h5 class=\"wp-block-heading\"><h5 class=\"font_5 wixui-rich-text__text\">Formulaire de soumission et dates limites :<\/h5><\/h5>\n\n<p>Veuillez soumettre vos propositions en remplissant\u00a0<span class=\"wixui-rich-text__text\"><a class=\"wixui-rich-text__text\" href=\"https:\/\/docs.google.com\/forms\/d\/e\/1FAIpQLSfTxj-SAiwJbGp4IxlQ_bgvRpa98dxNB3GBDk4NrGqiC55VSw\/viewform?pli=1\" target=\"_blank\" rel=\"noreferrer noopener\">ce formulaire.<\/a><\/span> Il y aura deux s\u00e9ries de soumissions. Les propositions soumises avant le 16 juin 2025 seront examin\u00e9es lors du premier tour et les r\u00e9ponses seront donn\u00e9es peu de temps apr\u00e8s. \u00a0La date limite pour le deuxi\u00e8me tour sera le 29 ao\u00fbt 2025.<\/p>\n\n<div class=\"tb-button\" data-toolset-blocks-button=\"b775d8dc95705dbeb9495c91927bfc2f\"><a class=\"tb-button__link\" href=\"https:\/\/docs.google.com\/forms\/d\/e\/1FAIpQLSdaK3A9GZY3jRPUN-02swgVcc4gBU8DTxCxXodoAS7jxAOZzA\/viewform\"><i class=\"tb-button__icon\"><\/i><span class=\"tb-button__content\">Soumettre<\/span><\/a><\/div>\n","protected":false},"author":11,"template":"","section":[63],"keyword":[],"class_list":["post-19551","article","type-article","status-publish","hentry","section-reunions-de-la-smc"],"toolset-meta":{"author-4-info":{"author-4-surname":{"type":"textfield","raw":""},"author-4-given-names":{"type":"textfield","raw":""},"author-4-honorific":{"type":"textfield","raw":""},"author-4-institution":{"type":"textfield","raw":""},"author-4-email":{"type":"email","raw":""},"author-4-cms-role":{"type":"textfield","raw":""}},"author-3-info":{"author-3-surname":{"type":"textfield","raw":""},"author-3-given-names":{"type":"textfield","raw":""},"author-3-honorific":{"type":"textfield","raw":""},"author-3-institution":{"type":"textfield","raw":""},"author-3-email":{"type":"email","raw":""},"author-3-cms-role":{"type":"textfield","raw":""}},"author-2-info":{"author-2-surname":{"type":"textfield","raw":""},"author-2-given-names":{"type":"textfield","raw":""},"author-2-honorific":{"type":"textfield","raw":""},"author-2-institution":{"type":"textfield","raw":""},"author-2-email":{"type":"email","raw":""},"author-2-cms-role":{"type":"textfield","raw":""}},"author-info":{"author-surname":{"type":"textfield","raw":""},"author-given-names":{"type":"textfield","raw":""},"author-honorific":{"type":"textfield","raw":""},"author-email":{"type":"email","raw":""},"author-institution":{"type":"textfield","raw":""},"author-cms-role":{"type":"textfield","raw":""}},"unknown":{"downloadable-pdf":{"type":"file","raw":"https:\/\/notes.math.ca\/wp-content\/uploads\/2025\/05\/Reunion-dhiver-2025-de-la-SMC-_-Appel-aux-sessions-scientifiques-\u2013-Notes-de-la-SMC.pdf","attachment_id":19818},"article-toc-weight":{"type":"numeric","raw":"91"},"author-surname":{"type":"textfield","raw":""},"author-given-names":{"type":"textfield","raw":""}}},"_links":{"self":[{"href":"https:\/\/notes.math.ca\/fr\/wp-json\/wp\/v2\/article\/19551","targetHints":{"allow":["GET"]}}],"collection":[{"href":"https:\/\/notes.math.ca\/fr\/wp-json\/wp\/v2\/article"}],"about":[{"href":"https:\/\/notes.math.ca\/fr\/wp-json\/wp\/v2\/types\/article"}],"author":[{"embeddable":true,"href":"https:\/\/notes.math.ca\/fr\/wp-json\/wp\/v2\/users\/11"}],"version-history":[{"count":1,"href":"https:\/\/notes.math.ca\/fr\/wp-json\/wp\/v2\/article\/19551\/revisions"}],"predecessor-version":[{"id":19552,"href":"https:\/\/notes.math.ca\/fr\/wp-json\/wp\/v2\/article\/19551\/revisions\/19552"}],"wp:attachment":[{"href":"https:\/\/notes.math.ca\/fr\/wp-json\/wp\/v2\/media?parent=19551"}],"wp:term":[{"taxonomy":"section","embeddable":true,"href":"https:\/\/notes.math.ca\/fr\/wp-json\/wp\/v2\/section?post=19551"},{"taxonomy":"keyword","embeddable":true,"href":"https:\/\/notes.math.ca\/fr\/wp-json\/wp\/v2\/keyword?post=19551"}],"curies":[{"name":"wp","href":"https:\/\/api.w.org\/{rel}","templated":true}]}}