{"id":19874,"date":"2025-06-25T12:01:16","date_gmt":"2025-06-25T16:01:16","guid":{"rendered":"https:\/\/notes.math.ca\/article\/appel-aux-propositions-de-presentation-pour-la-reunion-mathed-de-la-smc-en-ligne\/"},"modified":"2025-06-25T12:02:44","modified_gmt":"2025-06-25T16:02:44","slug":"appel-aux-propositions-de-presentation-pour-la-reunion-mathed-de-la-smc-en-ligne","status":"publish","type":"article","link":"https:\/\/notes.math.ca\/fr\/article\/appel-aux-propositions-de-presentation-pour-la-reunion-mathed-de-la-smc-en-ligne\/","title":{"rendered":"Appel aux propositions de pr\u00e9sentation pour la r\u00e9union MathEd de la SMC (en ligne)"},"content":{"rendered":"<div class=\"wp-block-image\">\n<figure class=\"aligncenter size-large\"><img fetchpriority=\"high\" decoding=\"async\" width=\"1024\" height=\"307\" src=\"https:\/\/notes.math.ca\/wp-content\/uploads\/2025\/06\/education-banner-NEW-1024x307.jpg\" alt=\"\" class=\"wp-image-19869\" srcset=\"https:\/\/notes.math.ca\/wp-content\/uploads\/2025\/06\/education-banner-NEW-1024x307.jpg 1024w, https:\/\/notes.math.ca\/wp-content\/uploads\/2025\/06\/education-banner-NEW-300x90.jpg 300w, https:\/\/notes.math.ca\/wp-content\/uploads\/2025\/06\/education-banner-NEW-768x230.jpg 768w, https:\/\/notes.math.ca\/wp-content\/uploads\/2025\/06\/education-banner-NEW-1536x461.jpg 1536w, https:\/\/notes.math.ca\/wp-content\/uploads\/2025\/06\/education-banner-NEW.jpg 2000w\" sizes=\"(max-width: 1024px) 100vw, 1024px\" \/><\/figure>\n<\/div>\n<p class=\"has-text-align-center\">R\u00e9union MathEd 2025 de la SMC (en ligne)<\/p>\n\n<p class=\"has-text-align-center\">La Soci\u00e9t\u00e9 math\u00e9matique du Canada (SMC) vous invite \u00e0 soumettre des propositions de pr\u00e9sentations en mati\u00e8re d&rsquo;\u00e9ducation pour son \u00e9v\u00e9nement, la R\u00e9union MathEd (en ligne) 2025 de la SMC, qui se tiendra <\/p>\n\n<p class=\"has-text-align-center\">le vendredi 28 novembre 2025 (de 17 h HNE \u00e0 20 h HNE), et <\/p>\n\n<p class=\"has-text-align-center\">le samedi 29 novembre 2025, (de 11 h HNE \u00e0 15 h HNE)<\/p>\n\n<p class=\"has-text-align-center\">Pour cette r\u00e9union, nous accepterons des propositions sur n&rsquo;importe quel th\u00e8me de l&rsquo;enseignement des math\u00e9matiques.<\/p>\n\n<p class=\"has-text-align-center\">Les propositions de pr\u00e9sentations seront s\u00e9lectionn\u00e9es par le Comit\u00e9 des sessions d&rsquo;\u00e9ducation des r\u00e9unions de la SMC, qui programmera \u00e9galement les sessions accept\u00e9es, en communication avec leur(s) auteur(s).<\/p>\n\n<h2 class=\"wp-block-heading has-text-align-center has-medium-font-size\"><h3 dir=\"ltr\">Les propositions doivent comprendre :<\/h3><\/h2>\n\n<p>(1) Le nom, l&rsquo;affiliation et les coordonn\u00e9es du\/de la ou des pr\u00e9sentateur(trice)s. Il s&rsquo;agit d&rsquo;une excellente occasion pour les chercheur(euse)s et les praticien(ne)s en d\u00e9but de carri\u00e8re de proposer des pr\u00e9sentations.<\/p>\n\n<p>(2) Un titre et un bref r\u00e9sum\u00e9 de la pr\u00e9sentation.<\/p>\n\n<p>Toutes les pr\u00e9sentations seront de la dur\u00e9e standard de la SMC : 20 minutes de pr\u00e9sentation + 5-10 minutes de questions-r\u00e9ponses.<\/p>\n\n<p><p dir=\"ltr\">La date limite pour les propositions de pr\u00e9sentation est <b>le 2 octobre 2025<\/b>. La pr\u00e9f\u00e9rence sera donn\u00e9e aux propositions soumises rapidement.<\/p>\n\n<p><span id=\"m_6080655879149446827docs-internal-guid-04ccb4b4-7fff-e51d-df64-b9a35da0a9fc\">Veuillez remplir le formulaire Google suivant : <a href=\"https:\/\/docs.google.com\/forms\/d\/e\/1FAIpQLSemBnjPWrHex4IkzmYC1non_z1egB3I82StbLiqkTnnfVHgPg\/viewform?usp=sharing&amp;ouid=117273314370571665725\" target=\"_blank\" rel=\"noopener\">https:\/\/docs.google.com\/forms\/d\/e\/1FAIpQLSemBnjPWrHex4IkzmYC1non_z1egB3I82StbLiqkTnnfVHgPg\/viewform?usp=sharing&amp;ouid=117273314370571665725<\/a><\/span><\/p>\n","protected":false},"author":11,"template":"","section":[63],"keyword":[],"class_list":["post-19874","article","type-article","status-publish","hentry","section-reunions-de-la-smc"],"toolset-meta":{"author-4-info":{"author-4-surname":{"type":"textfield","raw":""},"author-4-given-names":{"type":"textfield","raw":""},"author-4-honorific":{"type":"textfield","raw":""},"author-4-institution":{"type":"textfield","raw":""},"author-4-email":{"type":"email","raw":""},"author-4-cms-role":{"type":"textfield","raw":""}},"author-3-info":{"author-3-surname":{"type":"textfield","raw":""},"author-3-given-names":{"type":"textfield","raw":""},"author-3-honorific":{"type":"textfield","raw":""},"author-3-institution":{"type":"textfield","raw":""},"author-3-email":{"type":"email","raw":""},"author-3-cms-role":{"type":"textfield","raw":""}},"author-2-info":{"author-2-surname":{"type":"textfield","raw":""},"author-2-given-names":{"type":"textfield","raw":""},"author-2-honorific":{"type":"textfield","raw":""},"author-2-institution":{"type":"textfield","raw":""},"author-2-email":{"type":"email","raw":""},"author-2-cms-role":{"type":"textfield","raw":""}},"author-info":{"author-surname":{"type":"textfield","raw":""},"author-given-names":{"type":"textfield","raw":""},"author-honorific":{"type":"textfield","raw":""},"author-email":{"type":"email","raw":""},"author-institution":{"type":"textfield","raw":""},"author-cms-role":{"type":"textfield","raw":""}},"unknown":{"downloadable-pdf":{"type":"file","raw":"https:\/\/notes.math.ca\/wp-content\/uploads\/2025\/06\/Appel-aux-propositions-de-presentation-pour-la-reunion-MathEd-de-la-SMC-en-ligne-\u2013-Notes-de-la-SMC.pdf","attachment_id":19876},"article-toc-weight":{"type":"numeric","raw":"93"},"author-surname":{"type":"textfield","raw":""},"author-given-names":{"type":"textfield","raw":""}}},"_links":{"self":[{"href":"https:\/\/notes.math.ca\/fr\/wp-json\/wp\/v2\/article\/19874","targetHints":{"allow":["GET"]}}],"collection":[{"href":"https:\/\/notes.math.ca\/fr\/wp-json\/wp\/v2\/article"}],"about":[{"href":"https:\/\/notes.math.ca\/fr\/wp-json\/wp\/v2\/types\/article"}],"author":[{"embeddable":true,"href":"https:\/\/notes.math.ca\/fr\/wp-json\/wp\/v2\/users\/11"}],"version-history":[{"count":1,"href":"https:\/\/notes.math.ca\/fr\/wp-json\/wp\/v2\/article\/19874\/revisions"}],"predecessor-version":[{"id":19875,"href":"https:\/\/notes.math.ca\/fr\/wp-json\/wp\/v2\/article\/19874\/revisions\/19875"}],"wp:attachment":[{"href":"https:\/\/notes.math.ca\/fr\/wp-json\/wp\/v2\/media?parent=19874"}],"wp:term":[{"taxonomy":"section","embeddable":true,"href":"https:\/\/notes.math.ca\/fr\/wp-json\/wp\/v2\/section?post=19874"},{"taxonomy":"keyword","embeddable":true,"href":"https:\/\/notes.math.ca\/fr\/wp-json\/wp\/v2\/keyword?post=19874"}],"curies":[{"name":"wp","href":"https:\/\/api.w.org\/{rel}","templated":true}]}}