{"id":20111,"date":"2025-09-17T11:59:25","date_gmt":"2025-09-17T15:59:25","guid":{"rendered":"https:\/\/notes.math.ca\/article\/le-prochain-cmesg-gcedm-sera-en-or-je-vous-le-garantis\/"},"modified":"2025-10-01T08:29:10","modified_gmt":"2025-10-01T12:29:10","slug":"le-prochain-cmesg-gcedm-sera-en-or-je-vous-le-garantis","status":"publish","type":"article","link":"https:\/\/notes.math.ca\/fr\/article\/le-prochain-cmesg-gcedm-sera-en-or-je-vous-le-garantis\/","title":{"rendered":"Le prochain CMESG\/GCEDM sera en or, je vous le garantis"},"content":{"rendered":"<p>Le tout premier jour de mon cours \u00ab M\u00e9thodes en math\u00e9matiques \u00e9l\u00e9mentaires \u00bb, je fais passer un petit test surprise. En hommage \u00e0 feu Jim Mennie, qui m&rsquo;a enseign\u00e9 dans son cours \u00ab M\u00e9thodes en math\u00e9matiques secondaires \u00bb \u00e0 l&rsquo;Universit\u00e9 de Colombie-Britannique il y a environ un quart de si\u00e8cle, et dans le but d&rsquo;apaiser l&rsquo;anxi\u00e9t\u00e9 rampante des \u00e9tudiants lorsqu&rsquo;ils r\u00e9alisent qu&rsquo;ils vont en fait passer un quiz surprise d\u00e8s le premier jour de cours, j&rsquo;appelle ce quiz \u00ab C\u00e9l\u00e9bration spontan\u00e9e de l&rsquo;apprentissage \u00bb. Dix minutes pour r\u00e9pondre \u00e0 dix questions et, si vous avez le temps, une question bonus.<\/p>\n<p>La deuxi\u00e8me question de ma \u00ab C\u00e9l\u00e9bration spontan\u00e9e de l&rsquo;apprentissage \u00bb est l&rsquo;une de mes pr\u00e9f\u00e9r\u00e9es.<\/p>\n<p><em>Si votre m\u00e9decin vous donnait trois comprim\u00e9s et vous disait d&rsquo;en prendre un toutes les demi-heures, combien de temps dureraient-ils ?<\/em><\/p>\n<p>\u00c9tant donn\u00e9 que cette question appara\u00eet t\u00f4t dans le quiz et que celui-ci est d\u00e9lib\u00e9r\u00e9ment court, la plupart des \u00e9tudiants, futurs professeurs de math\u00e9matiques, r\u00e9pondent \u00ab une heure et demie \u00bb, passent au reste du quiz et ne reviennent jamais en arri\u00e8re. Apr\u00e8s avoir examin\u00e9 les solutions pendant des ann\u00e9es, j&rsquo;ai compris que la r\u00e9ponse \u00ab une heure et demie \u00bb est obtenue en multipliant le nombre de comprim\u00e9s par une demi-heure, c&rsquo;est-\u00e0-dire que trois demi-heures \u00e9quivalent \u00e0 une heure et demie. C&rsquo;est incorrect, bien s\u00fbr, mais je comprends.<\/p>\n<p>Je dois pr\u00e9ciser ici que nous faisons en fait deux fois le quiz le premier jour de cours. Nous faisons le quiz une deuxi\u00e8me fois parce que je mens et dis \u00e0 la classe que mon chien a mang\u00e9 le corrig\u00e9. Mais ce n&rsquo;est pas grave, car j&rsquo;ai une salle remplie de futurs professeurs de math\u00e9matiques et, ensemble, nous pouvons \u00e9laborer un corrig\u00e9 en un rien de temps. Il est assez amusant de faire le tour de la salle et d&rsquo;\u00e9couter les groupes se rendre compte que la \u00ab bonne \u00bb r\u00e9ponse est une heure.<\/p>\n<p>Il est assez divertissant d&rsquo;observer et d&rsquo;\u00e9couter de futurs enseignants de math\u00e9matiques tenter de convaincre d&rsquo;autres futurs enseignants de math\u00e9matiques que la r\u00e9ponse devrait \u00eatre une heure et non une heure et demie. Je me souviens comme si c&rsquo;\u00e9tait hier d&rsquo;une \u00e9tudiante qui a sorti des comprim\u00e9s de son sac \u00e0 dos (je ne lui ai pas demand\u00e9) et qui a mim\u00e9 le fait d&rsquo;avaler le premier comprim\u00e9 pour \u00ab d\u00e9marrer le chronom\u00e8tre \u00bb. Quelques minutes seulement apr\u00e8s le d\u00e9but du quiz en groupe, tout le monde dans la salle est convaincu que la r\u00e9ponse est une heure. Certains \u00e9tudiants, cependant, vont plus loin.<\/p>\n<p>\u00c0 ce stade de la cr\u00e9ation du corrig\u00e9 de ma \u00ab C\u00e9l\u00e9bration spontan\u00e9e de l&rsquo;apprentissage \u00bb, deux choses se produisent. Premi\u00e8rement, tout le monde devient beaucoup plus sceptique quant \u00e0 ses r\u00e9ponses au reste du quiz, ce qui est normal. Deuxi\u00e8mement, on commence \u00e0 m&rsquo;appeler pour me poser des questions compl\u00e9mentaires. Certains \u00e9tudiants, qui se montrent d\u00e9sormais assez confiants, n&rsquo;h\u00e9sitent pas \u00e0 me poser des questions sur la dur\u00e9e des effets des pilules ou sur le d\u00e9lai entre l&rsquo;obtention des pilules et la prise de la premi\u00e8re pilule. Ce sont toutes de bonnes questions compl\u00e9mentaires, mais finalement, la classe s&rsquo;accorde sur une heure. Une fois que la classe est d&rsquo;accord, l&rsquo;attention se porte g\u00e9n\u00e9ralement sur les neuf autres questions et la \u00ab question sur la prise de pilules \u00bb (comme on l&rsquo;appelle, finalement, ann\u00e9e apr\u00e8s ann\u00e9e) est mise de c\u00f4t\u00e9. Ce dernier semestre, cependant, la question ne convenait toujours pas \u00e0 un \u00e9tudiant, qui a demand\u00e9 un autre exemple.<\/p>\n<p>Afin d&rsquo;assister \u00e0 la r\u00e9union annuelle du Groupe Canadien d&rsquo;\u00c9tude en Didactique des Math\u00e9matiques (CMESG\/GCEDM), qui s&rsquo;est tenue du 13 au 17 juin 2025, j&rsquo;avais r\u00e9serv\u00e9 mon billet d&rsquo;avion pour Lethbridge, en Alberta, juste avant le cours ce matin-l\u00e0. Influenc\u00e9 par mon prochain voyage, j&rsquo;ai expliqu\u00e9 \u00e0 la classe que, dans quelques mois, je participerais \u00e0 une conf\u00e9rence qui a \u00e9t\u00e9 organis\u00e9e pour la premi\u00e8re fois en 1977. Je leur ai m\u00eame montr\u00e9 un lien vers les archives des actes, qui se trouvent ici : <a href=\"https:\/\/www.cmesg.org\/past-proceedings\/\">https:\/\/www.cmesg.org\/past-proceedings\/<\/a>. Je leur ai ensuite dit que j&rsquo;\u00e9tais n\u00e9 en 1977, ce qui a provoqu\u00e9 un certain murmure pour une raison quelconque. En m&rsquo;adressant \u00e0 l&rsquo;\u00e9tudiant qui avait pos\u00e9 la question, mais en continuant \u00e0 parler \u00e0 toute la classe, je leur ai dit que j&rsquo;allais assister, \u00e0 Lethbridge, \u00e0 la 49<sup>e<\/sup> r\u00e9union annuelle du CMESG\/GCEDM, mais que je le ferais en tant que personne de 48 ans. J&rsquo;ai demand\u00e9 \u00e0 la classe : \u00ab Comment cela est-il possible ? \u00bb. La r\u00e9ponse de l&rsquo;\u00e9tudiant qui avait demand\u00e9 l&rsquo;exemple a \u00e9t\u00e9 l&rsquo;une de mes pr\u00e9f\u00e9r\u00e9es : \u00ab \u00cates-vous s\u00fbr ? \u00bb. Ils se sont ensuite replong\u00e9s dans leur discussion de groupe.<\/p>\n<p>Bien s\u00fbr, j&rsquo;aurais pu brouiller les pistes \u00e0 ce moment-l\u00e0. J&rsquo;aurais pu expliquer comment Bernard Hodgson, lors de sa conf\u00e9rence pl\u00e9ni\u00e8re ou de sa pr\u00e9sentation lors du panel d&rsquo;ouverture du CMESG\/GCEDM 40, avait pr\u00e9sent\u00e9 des arguments convaincants pour expliquer pourquoi la r\u00e9union annuelle 2016 du CMESG\/GCEDM devrait \u00eatre num\u00e9rot\u00e9e diff\u00e9remment de la 40<sup>e<\/sup> r\u00e9union annuelle. Par exemple, la toute premi\u00e8re r\u00e9union du CMESG\/GCEDM, qui s&rsquo;est tenue en 1977, s&rsquo;intitulait en fait \u00ab <em>Former les enseignants en math\u00e9matiques : la responsabilit\u00e9 des universit\u00e9s \u00bb<\/em>. Parrain\u00e9 par le Conseil des sciences du Canada pour la deuxi\u00e8me ann\u00e9e cons\u00e9cutive, il a \u00e9t\u00e9 d\u00e9cid\u00e9 de nommer le groupe permanent CMESG\/GCEDM. Alors que Bernard approfondissait l&rsquo;histoire, sa conclusion, si je me souviens bien, \u00e9tait que oui, il assistait bien \u00e0 la 40<sup>e<\/sup> r\u00e9union annuelle, \u00e0 un ou deux pr\u00e8s. Je lui ai r\u00e9pondu : \u00ab Oui, j&rsquo;en suis s\u00fbr \u00bb.<\/p>\n<p>Au moment o\u00f9 j&rsquo;\u00e9cris ces lignes, il y a plusieurs autres choses dont je suis s\u00fbr. Je suis certain, comme ce fut le cas \u00e0 Lethbridge, en Alberta, que le CMESG\/GCEDM est un baume pour la consternation que je ressens encore aujourd&rsquo;hui \u00e0 l&rsquo;id\u00e9e d&rsquo;assister \u00e0 la conf\u00e9rence (https:\/\/notes.math.ca\/en\/article\/conference-attendance-consternation\/). Il est certain qu&rsquo;au moment de la r\u00e9union annuelle du CMESG\/GCEDM l&rsquo;ann\u00e9e prochaine, \u00e9tant n\u00e9 en 1977, j&rsquo;aurai 49 ans, \u00e0 moins que, comme ce qui s&rsquo;est produit en Cor\u00e9e du Sud en 2023 o\u00f9 tout le monde a rajeuni d&rsquo;un ou deux ans, le gouvernement du Canada ne change la fa\u00e7on traditionnelle de compter l&rsquo;\u00e2ge dans notre pays. Je suis \u00e9galement certain que l&rsquo;Universit\u00e9 Queen&rsquo;s accueillera pour la huiti\u00e8me fois (1977, 1978, 1979, 1982, 1987, 2002, 2016 et 2026) la r\u00e9union annuelle 2025 du CMESG\/GCEDM fin mai-d\u00e9but juin, qui sera baptis\u00e9e et c\u00e9l\u00e9br\u00e9e sous le nom de CMESG\/GCEDM 50. Ayant assist\u00e9 \u00e0 l&rsquo;assembl\u00e9e g\u00e9n\u00e9rale annuelle du CMESG\/GCEDM, je sais que cette conf\u00e9rence s&rsquo;annonce formidable pour les math\u00e9maticiens et les enseignants en math\u00e9matiques et, d&rsquo;apr\u00e8s ce que j&rsquo;ai compris, elle sera impr\u00e9gn\u00e9e d&rsquo;histoire. Je suis convaincu que vous, oui, vous, membre de la Soci\u00e9t\u00e9 math\u00e9matique du Canada qui prenez le temps de lire la section \u00ab Notes sur l&rsquo;\u00e9ducation \u00bb des Notes de la SMC, devriez assister au CMESG\/GCEDM 50 \u00e0 l&rsquo;Universit\u00e9 Queen&rsquo;s l&rsquo;ann\u00e9e prochaine. On se voit l\u00e0-bas ?!<\/p>\n<p>Peu importe comment vous faites vos calculs, je suis s\u00fbr que le CMESG\/GCEDM 50 sera en or. Je suis \u00e9galement s\u00fbr, du moins pour moi, que le prochain CMESG\/GCEDM sera \u00e9galement en or.<\/p>\n<p>&nbsp;<\/p>\n","protected":false},"author":11,"template":"","section":[68],"keyword":[],"class_list":["post-20111","article","type-article","status-publish","hentry","section-notes-pedagogiques"],"toolset-meta":{"author-4-info":{"author-4-surname":{"type":"textfield","raw":""},"author-4-given-names":{"type":"textfield","raw":""},"author-4-honorific":{"type":"textfield","raw":""},"author-4-institution":{"type":"textfield","raw":""},"author-4-email":{"type":"email","raw":""},"author-4-cms-role":{"type":"textfield","raw":""}},"author-3-info":{"author-3-surname":{"type":"textfield","raw":""},"author-3-given-names":{"type":"textfield","raw":""},"author-3-honorific":{"type":"textfield","raw":""},"author-3-institution":{"type":"textfield","raw":""},"author-3-email":{"type":"email","raw":""},"author-3-cms-role":{"type":"textfield","raw":""}},"author-2-info":{"author-2-surname":{"type":"textfield","raw":""},"author-2-given-names":{"type":"textfield","raw":""},"author-2-honorific":{"type":"textfield","raw":""},"author-2-institution":{"type":"textfield","raw":""},"author-2-email":{"type":"email","raw":""},"author-2-cms-role":{"type":"textfield","raw":""}},"author-info":{"author-surname":{"type":"textfield","raw":"Chernoff"},"author-given-names":{"type":"textfield","raw":"Egan J"},"author-honorific":{"type":"textfield","raw":""},"author-email":{"type":"email","raw":"egan.chernoff@usask.ca"},"author-institution":{"type":"textfield","raw":"University of Saskatchewan"},"author-cms-role":{"type":"textfield","raw":"Notes Contributing Editor"}},"unknown":{"downloadable-pdf":{"type":"file","raw":"https:\/\/notes.math.ca\/wp-content\/uploads\/2025\/09\/8-Le-prochain-CMESG_GCEDM-sera-en-or-je-vous-le-garantis-\u2013-Notes-de-la-SMC.pdf","attachment_id":20145},"article-toc-weight":{"type":"numeric","raw":"40"},"author-surname":{"type":"textfield","raw":"Chernoff"},"author-given-names":{"type":"textfield","raw":"Egan J"}}},"_links":{"self":[{"href":"https:\/\/notes.math.ca\/fr\/wp-json\/wp\/v2\/article\/20111","targetHints":{"allow":["GET"]}}],"collection":[{"href":"https:\/\/notes.math.ca\/fr\/wp-json\/wp\/v2\/article"}],"about":[{"href":"https:\/\/notes.math.ca\/fr\/wp-json\/wp\/v2\/types\/article"}],"author":[{"embeddable":true,"href":"https:\/\/notes.math.ca\/fr\/wp-json\/wp\/v2\/users\/11"}],"version-history":[{"count":3,"href":"https:\/\/notes.math.ca\/fr\/wp-json\/wp\/v2\/article\/20111\/revisions"}],"predecessor-version":[{"id":20129,"href":"https:\/\/notes.math.ca\/fr\/wp-json\/wp\/v2\/article\/20111\/revisions\/20129"}],"wp:attachment":[{"href":"https:\/\/notes.math.ca\/fr\/wp-json\/wp\/v2\/media?parent=20111"}],"wp:term":[{"taxonomy":"section","embeddable":true,"href":"https:\/\/notes.math.ca\/fr\/wp-json\/wp\/v2\/section?post=20111"},{"taxonomy":"keyword","embeddable":true,"href":"https:\/\/notes.math.ca\/fr\/wp-json\/wp\/v2\/keyword?post=20111"}],"curies":[{"name":"wp","href":"https:\/\/api.w.org\/{rel}","templated":true}]}}