{"id":5140,"date":"2020-07-22T14:26:59","date_gmt":"2020-07-22T18:26:59","guid":{"rendered":"https:\/\/notes.math.ca\/?post_type=article&#038;p=5140"},"modified":"2020-08-19T08:59:31","modified_gmt":"2020-08-19T12:59:31","slug":"redacteur-ou-redactrice-associe-e-s-du-jcm-bcm-2021-3","status":"publish","type":"article","link":"https:\/\/notes.math.ca\/fr\/article\/redacteur-ou-redactrice-associe-e-s-du-jcm-bcm-2021-3\/","title":{"rendered":"R\u00e9dacteur ou r\u00e9dactrice associ\u00e9.e.s du JCM\/BCM 2021"},"content":{"rendered":"\t\t<div data-elementor-type=\"wp-post\" data-elementor-id=\"5140\" class=\"elementor elementor-5140 elementor-5135\" data-elementor-post-type=\"article\">\n\t\t\t\t\t\t<section class=\"elementor-section elementor-top-section elementor-element elementor-element-2557fd4c elementor-section-boxed elementor-section-height-default elementor-section-height-default\" data-id=\"2557fd4c\" data-element_type=\"section\">\n\t\t\t\t\t\t<div class=\"elementor-container elementor-column-gap-default\">\n\t\t\t\t\t<div class=\"elementor-column elementor-col-100 elementor-top-column elementor-element elementor-element-38379552\" data-id=\"38379552\" data-element_type=\"column\">\n\t\t\t<div class=\"elementor-widget-wrap elementor-element-populated\">\n\t\t\t\t\t\t<div class=\"elementor-element elementor-element-8e41c19 elementor-widget elementor-widget-text-editor\" data-id=\"8e41c19\" data-element_type=\"widget\" data-widget_type=\"text-editor.default\">\n\t\t\t\t<div class=\"elementor-widget-container\">\n\t\t\t\t\t\t\t\t\t<p style=\"text-align: center;\"><img fetchpriority=\"high\" decoding=\"async\" class=\"alignnone size-medium wp-image-3776\" src=\"https:\/\/notes.math.ca\/wp-content\/uploads\/2020\/03\/2019-Journal-Cover-211x300.jpg\" alt=\"\" width=\"211\" height=\"300\" srcset=\"https:\/\/notes.math.ca\/wp-content\/uploads\/2020\/03\/2019-Journal-Cover-211x300.jpg 211w, https:\/\/notes.math.ca\/wp-content\/uploads\/2020\/03\/2019-Journal-Cover-721x1024.jpg 721w, https:\/\/notes.math.ca\/wp-content\/uploads\/2020\/03\/2019-Journal-Cover.jpg 741w, https:\/\/notes.math.ca\/wp-content\/uploads\/2020\/03\/2019-Journal-Cover-1082x1536.jpg 1082w, https:\/\/notes.math.ca\/wp-content\/uploads\/2020\/03\/2019-Journal-Cover-1443x2048.jpg 1443w\" sizes=\"(max-width: 211px) 100vw, 211px\" \/>\u00a0 \u00a0 \u00a0 \u00a0 <img decoding=\"async\" class=\"alignnone size-medium wp-image-3779\" src=\"https:\/\/notes.math.ca\/wp-content\/uploads\/2020\/03\/2019-Bulletin-Cover-226x300.jpg\" alt=\"\" width=\"226\" height=\"300\" srcset=\"https:\/\/notes.math.ca\/wp-content\/uploads\/2020\/03\/2019-Bulletin-Cover-226x300.jpg 226w, https:\/\/notes.math.ca\/wp-content\/uploads\/2020\/03\/2019-Bulletin-Cover-771x1024.jpg 771w, https:\/\/notes.math.ca\/wp-content\/uploads\/2020\/03\/2019-Bulletin-Cover-768x1018.jpg 768w, https:\/\/notes.math.ca\/wp-content\/uploads\/2020\/03\/2019-Bulletin-Cover-1157x1536.jpg 1157w, https:\/\/notes.math.ca\/wp-content\/uploads\/2020\/03\/2019-Bulletin-Cover-1543x2048.jpg 1543w, https:\/\/notes.math.ca\/wp-content\/uploads\/2020\/03\/2019-Bulletin-Cover.jpg 793w\" sizes=\"(max-width: 226px) 100vw, 226px\" \/><\/p>\t\t\t\t\t\t\t\t<\/div>\n\t\t\t\t<\/div>\n\t\t\t\t<div class=\"elementor-element elementor-element-311d681d elementor-widget elementor-widget-text-editor\" data-id=\"311d681d\" data-element_type=\"widget\" data-widget_type=\"text-editor.default\">\n\t\t\t\t<div class=\"elementor-widget-container\">\n\t\t\t\t\t\t\t\t\t<p>Le Comit\u00e9 des publications de la SMC sollicite des mises en candidature pour des r\u00e9dacteurs et r\u00e9dactrices associ\u00e9.e.s pour le <a href=\"https:\/\/cms.math.ca\/cjm\/\"><em>Journal canadien de math\u00e9matiques<\/em><\/a> (JCM) et pour le <a href=\"https:\/\/cms.math.ca\/cmb\/\"><em>Bulletin canadien de math\u00e9matiques<\/em><\/a> (BCM).\u00a0 Le mandat sera de cinq ans et commencera le 1er janvier 2021.\u00a0 Il y a huite membres actuel.le.s sur le <a href=\"https:\/\/cms.math.ca\/Docs\/comliste.html#cjmcmb-board\">Conseil de r\u00e9daction scientifique du JCM\/BCM<\/a> dont le mandat se termine \u00e0 la fin d\u00e9cembre.<\/p><p>Revues phares de la Soci\u00e9t\u00e9 depuis plus de 50 ans, le <em>Journal canadien de math\u00e9matiques<\/em> (JCM) et le <em>Bulletin canadien de math\u00e9matiques<\/em> (BCM) pr\u00e9sentent des travaux de recherche originaux de haute qualit\u00e9. Le JCM publie des articles longs dans ses six num\u00e9ros annuels, et le BCM publie des articles plus courts quatre fois l\u2019an. Le JCM et le BCM ont chacun leur r\u00e9dacteur en chef et partagent un m\u00eame conseil de r\u00e9daction.<\/p><p>Les propositions de candidature doivent inclure votre curriculum vitae, votre lettre de pr\u00e9sentation et doivent \u00eatre envoy\u00e9es par courriel \u00e9lectronique \u00e0\u00a0: <a href=\"mailto:jcmbcm-rednom-2020@smc.math.ca\">jcmbcm-rednom-2020@smc.math.ca<\/a> <strong>au plus tard le <\/strong><strong>15 septembre 2020.<\/strong><\/p>\t\t\t\t\t\t\t\t<\/div>\n\t\t\t\t<\/div>\n\t\t\t\t\t<\/div>\n\t\t<\/div>\n\t\t\t\t\t<\/div>\n\t\t<\/section>\n\t\t\t\t<\/div>\n\t\t","protected":false},"author":6,"template":"","section":[65],"keyword":[140,162,161,163],"class_list":["post-5140","article","type-article","status-publish","hentry","section-appel-de-candidatures","keyword-appels","keyword-bcm","keyword-jcm","keyword-redacteurs"],"toolset-meta":{"author-4-info":{"author-4-surname":{"type":"textfield","raw":""},"author-4-given-names":{"type":"textfield","raw":""},"author-4-honorific":{"type":"textfield","raw":""},"author-4-institution":{"type":"textfield","raw":""},"author-4-email":{"type":"email","raw":""},"author-4-cms-role":{"type":"textfield","raw":""}},"author-3-info":{"author-3-surname":{"type":"textfield","raw":""},"author-3-given-names":{"type":"textfield","raw":""},"author-3-honorific":{"type":"textfield","raw":""},"author-3-institution":{"type":"textfield","raw":""},"author-3-email":{"type":"email","raw":""},"author-3-cms-role":{"type":"textfield","raw":""}},"author-2-info":{"author-2-surname":{"type":"textfield","raw":""},"author-2-given-names":{"type":"textfield","raw":""},"author-2-honorific":{"type":"textfield","raw":""},"author-2-institution":{"type":"textfield","raw":""},"author-2-email":{"type":"email","raw":""},"author-2-cms-role":{"type":"textfield","raw":""}},"author-info":{"author-surname":{"type":"textfield","raw":""},"author-given-names":{"type":"textfield","raw":""},"author-honorific":{"type":"textfield","raw":""},"author-email":{"type":"email","raw":""},"author-institution":{"type":"textfield","raw":""},"author-cms-role":{"type":"textfield","raw":""}},"unknown":{"downloadable-pdf":{"type":"file","raw":"https:\/\/notes.math.ca\/wp-content\/uploads\/2020\/07\/R\u00e9dacteur-ou-r\u00e9dactrice-associ\u00e9.e.s-du-JCM_BCM-2021.pdf","attachment_id":5691},"article-toc-weight":{"type":"numeric","raw":"72"},"author-surname":{"type":"textfield","raw":""},"author-given-names":{"type":"textfield","raw":""}}},"_links":{"self":[{"href":"https:\/\/notes.math.ca\/fr\/wp-json\/wp\/v2\/article\/5140","targetHints":{"allow":["GET"]}}],"collection":[{"href":"https:\/\/notes.math.ca\/fr\/wp-json\/wp\/v2\/article"}],"about":[{"href":"https:\/\/notes.math.ca\/fr\/wp-json\/wp\/v2\/types\/article"}],"author":[{"embeddable":true,"href":"https:\/\/notes.math.ca\/fr\/wp-json\/wp\/v2\/users\/6"}],"version-history":[{"count":4,"href":"https:\/\/notes.math.ca\/fr\/wp-json\/wp\/v2\/article\/5140\/revisions"}],"predecessor-version":[{"id":5693,"href":"https:\/\/notes.math.ca\/fr\/wp-json\/wp\/v2\/article\/5140\/revisions\/5693"}],"wp:attachment":[{"href":"https:\/\/notes.math.ca\/fr\/wp-json\/wp\/v2\/media?parent=5140"}],"wp:term":[{"taxonomy":"section","embeddable":true,"href":"https:\/\/notes.math.ca\/fr\/wp-json\/wp\/v2\/section?post=5140"},{"taxonomy":"keyword","embeddable":true,"href":"https:\/\/notes.math.ca\/fr\/wp-json\/wp\/v2\/keyword?post=5140"}],"curies":[{"name":"wp","href":"https:\/\/api.w.org\/{rel}","templated":true}]}}