{"id":5326,"date":"2020-07-29T15:10:10","date_gmt":"2020-07-29T19:10:10","guid":{"rendered":"https:\/\/notes.math.ca\/?post_type=article&#038;p=5326"},"modified":"2020-08-04T13:41:36","modified_gmt":"2020-08-04T17:41:36","slug":"la-maison-canadienne-des-mathematiques","status":"publish","type":"article","link":"https:\/\/notes.math.ca\/fr\/article\/la-maison-canadienne-des-mathematiques\/","title":{"rendered":"La maison canadienne des math\u00e9matiques"},"content":{"rendered":"\t\t<div data-elementor-type=\"wp-post\" data-elementor-id=\"5326\" class=\"elementor elementor-5326 elementor-5301\" data-elementor-post-type=\"article\">\n\t\t\t\t\t\t<section class=\"elementor-section elementor-top-section elementor-element elementor-element-45c8b40 elementor-section-boxed elementor-section-height-default elementor-section-height-default\" data-id=\"45c8b40\" data-element_type=\"section\">\n\t\t\t\t\t\t<div class=\"elementor-container elementor-column-gap-default\">\n\t\t\t\t\t<div class=\"elementor-column elementor-col-100 elementor-top-column elementor-element elementor-element-37c3df6\" data-id=\"37c3df6\" data-element_type=\"column\">\n\t\t\t<div class=\"elementor-widget-wrap elementor-element-populated\">\n\t\t\t\t\t\t<div class=\"elementor-element elementor-element-b35a2fb elementor-widget elementor-widget-text-editor\" data-id=\"b35a2fb\" data-element_type=\"widget\" data-widget_type=\"text-editor.default\">\n\t\t\t\t<div class=\"elementor-widget-container\">\n\t\t\t\t\t\t\t\t\t<p><span style=\"color: #000000;\"><img decoding=\"async\" class=\"alignleft wp-image-5306 size-thumbnail\" src=\"https:\/\/notes.math.ca\/wp-content\/uploads\/2020\/07\/10428506_728119047227026_7395589116551964972_n-150x150.jpg\" alt=\"Javad Mashreghi's portrait\" width=\"150\" height=\"150\" srcset=\"https:\/\/notes.math.ca\/wp-content\/uploads\/2020\/07\/10428506_728119047227026_7395589116551964972_n-150x150.jpg 150w, https:\/\/notes.math.ca\/wp-content\/uploads\/2020\/07\/10428506_728119047227026_7395589116551964972_n-300x300.jpg 300w, https:\/\/notes.math.ca\/wp-content\/uploads\/2020\/07\/10428506_728119047227026_7395589116551964972_n.jpg 659w\" sizes=\"(max-width: 150px) 100vw, 150px\" \/><\/span><\/p><p>Nous devions nous r\u00e9unir cet \u00e9t\u00e9 \u00e0 Ottawa et c\u00e9l\u00e9brer le 75e anniversaire de la cr\u00e9ation de la Soci\u00e9t\u00e9 math\u00e9matique du Canada. Le taux d\u2019inscriptions h\u00e2tives et la quantit\u00e9 et qualit\u00e9 des s\u00e9ances propos\u00e9es annon\u00e7aient le plus grand rassemblement de math\u00e9maticiennes et math\u00e9maticiens canadiens dans l\u2019histoire de la Soci\u00e9t\u00e9. Nous \u00e9tions fiers et pr\u00eats \u00e0 nous vanter de r\u00e9alisations de notre Soci\u00e9t\u00e9 depuis le temps des fondateurs jusqu\u2019\u00e0 nos jours. De nombreux prix ont \u00e9t\u00e9 pr\u00e9par\u00e9s pour r\u00e9compenser un grand nombre de math\u00e9maticiennes et math\u00e9maticiens canadiens pour leurs r\u00e9alisations scientifiques, \u00e9ducatives et administratives dans les domaines diff\u00e9rents et au sein de la Soci\u00e9t\u00e9. Or tout d\u2019un coup, le monde entier a \u00e9t\u00e9 boulevers\u00e9 par une nouvelle r\u00e9alit\u00e9\u00a0: un virus inconnu qui fut nomm\u00e9 COVID-19. D\u2019une certaine fa\u00e7on, ce virus a mis un terme \u00e0 nos vies quotidiennes et r\u00e9guli\u00e8res! La quarantaine, qui, jusque-l\u00e0, \u00e9tait simplement un mot abstrait dans le dictionnaire, est devenue d\u00e9sormais notre devoir civique. En effet, nous sommes toujours aux prises avec les cons\u00e9quences de la pand\u00e9mie mondiale.<\/p><p>Au cours de ses 75 ann\u00e9es d\u2019activit\u00e9s, la SMC a eu son lot des hauts et des bas. Il semble toutefois que c\u2019est \u00e0 un \u00e2ge m\u00fbr qu\u2019elle se retrouve confront\u00e9e au plus grand d\u00e9fi de son histoire. Comme de nombreuses autres organisations, la SMC a d\u00fb, elle aussi, s\u2019adapter \u00e0 la nouvelle r\u00e9alit\u00e9 et changer ses programmations et ses activit\u00e9s. La premi\u00e8re de ces changements a \u00e9t\u00e9 le report de la R\u00e9union du 75e anniversaire de la SMC. Ce fut une d\u00e9cision tr\u00e8s difficile pour deux raisons. Premi\u00e8rement, les directeurs et directrices scientifiques et les organisateurs et organisatrices de session tout comme le personnel de la SMC avaient consacr\u00e9 beaucoup de temps et d\u2019\u00e9nergie pour s\u2019assurer que la R\u00e9union soit \u00e0 la hauteur du 75e anniversaire d\u2019une Soci\u00e9t\u00e9 aussi prestigieuse que la n\u00f4tre. Deuxi\u00e8mement, ce report a laiss\u00e9 un impact financier consid\u00e9rable sur la Soci\u00e9t\u00e9. Cela nous n\u2019a toutefois pas emp\u00each\u00e9 de continuer nos efforts pour planifier des \u00e9v\u00e8nements et des activit\u00e9s et organiser une R\u00e9union m\u00e9morable pour le 75e+1 anniversaire de la SMC en \u00e9t\u00e9 2021.<\/p><p>La COVID-19 a aussi eu un impact sur les revenus que tire la Soci\u00e9t\u00e9 de ses revues. Le Comit\u00e9 de publication discute en ce moment de plusieurs options. La conception d\u2019une revue en ligne en libre acc\u00e8s, la cr\u00e9ation d\u2019une nouvelle revue et l\u2019auto publication des revues actuelles de la SMC en sont quelques-unes. La SMC invite les membres qui connaissent bien l\u2019industrie de la publication, son infrastructure, ses aspects mat\u00e9riels et les logiciels n\u00e9cessaires, \u00e0 nous faire part de leurs conseils et de leurs recommandations.<\/p><p>Malgr\u00e9 les d\u00e9fis que je viens d\u2019\u00e9num\u00e9rer et les moments difficiles, il se passe des activit\u00e9s positives et encourageantes au sein de la SMC. La SMC a transform\u00e9 une situation peu d\u00e9sirable en une occasion pour mieux se connecter avec les enseignantes et enseignants, les \u00e9l\u00e8ves et les \u00e9tudiantes et \u00e9tudiants, \u00eatre \u00e0 l\u2019\u00e9coute de leurs besoins \u00e9ducatifs et \u00e9largir ses programmes. Le confinement a forc\u00e9 les \u00e9l\u00e8ves \u00e0 rester dans les confins de leur chez-soi et a r\u00e9duit leur contact avec leurs pairs et leurs \u00e9ducateurs et \u00e9ducatrices. Les parents, qui sont d\u00e9j\u00e0 charg\u00e9s de plusieurs responsabilit\u00e9s doivent maintenant assumer l\u2019\u00e9ducation de leurs enfants; la plupart ne ma\u00eetrisent pas assez les math\u00e9matiques pour l\u2019enseigner \u00e0 leurs jeunes. De m\u00eame, les enseignantes et enseignants de math\u00e9matiques se voient confront\u00e9s \u00e0 la nouvelle r\u00e9alit\u00e9 de l\u2019enseignement et du mentorat \u00e0 distance et \u00e0 la myriade d\u2019incertitudes que cela impliquerait. La SMC a essay\u00e9 de fournir des probl\u00e8mes math\u00e9matiques et de la mati\u00e8re p\u00e9dagogique sur ses pages des m\u00e9dias sociaux et a travaill\u00e9 dur en coulisses pour organiser deux \u00e9v\u00e8nements principaux. Bien que le mat\u00e9riel et le conseil p\u00e9dagogiques se trouvent en abondance sur Internet, les \u00e9ducateurs et \u00e9ducatrices cherchent plut\u00f4t des moyens de se connecter et de discuter de diff\u00e9rentes strat\u00e9gies d\u2019enseignement pendant la pand\u00e9mie. La Soci\u00e9t\u00e9 et ses membres-b\u00e9n\u00e9voles, dont un grand nombre sont eux-m\u00eames et elles-m\u00eames \u00e9ducateurs et \u00e9ducatrices qui \u00e9prouvent la m\u00eame anxi\u00e9t\u00e9 face \u00e0 la nouvelle situation, ont organis\u00e9 la toute premi\u00e8re R\u00e9union virtuelle de la SMC, ax\u00e9e sur l\u2019\u00e9ducation et la recherche pendant la pand\u00e9mie. De plus, alors que l\u2019enseignement des math\u00e9matiques en ligne \u00e9tait la source de bien d\u2019inqui\u00e9tudes, les diagrammes et graphiques math\u00e9matiques dictent, ces jours-ci, la politique publique quant \u00e0 la sant\u00e9 et l\u2019\u00e9conomie. Tout d\u2019un coup, les math\u00e9matiques sont devenues importantes pour les m\u00e9dias de masse et les math\u00e9maticiennes et math\u00e9maticiens doivent se pr\u00e9occuper de la communication de leur message. La R\u00e9union virtuelle de la SMC a offert une plateforme aux math\u00e9maticiennes et math\u00e9maticiens pour se r\u00e9unir et discuter de tout cela et bien plus encore pendant quatre jours en juillet dernier. Pour beaucoup, cette rencontre \u00e9tait comme une bouff\u00e9e d\u2019air frais apr\u00e8s des mois d\u2019isolement et de confinement. Elle \u00e9tait tout aussi gratifiante pour le personnel et les organisateurs et organisatrices qui cherchaient des moyens de mieux servir la communaut\u00e9 math\u00e9matique en ces moments difficiles.<\/p><p>La deuxi\u00e8me activit\u00e9 ax\u00e9e sur l\u2019\u00e9ducation et organis\u00e9e par la SMC pendant le confinement a \u00e9t\u00e9 le lancement de son tout premier concours pour les \u00e9l\u00e8ves du primaire : le Concours math\u00e9matique canadien du geai gris (CMCG). Le CMCG est offert dans un format engageant et sur une plateforme en ligne et conviviale. Bien que ce dernier ait lieu en octobre, sa conception et le travail de pr\u00e9paration qu\u2019il exige ont n\u00e9cessit\u00e9 un effort colossal de la part du personnel et du Comit\u00e9 des concours de la SMC. Certes, l\u2019annulation de certains programmes de la SMC en raison de la pand\u00e9mie mondiale nous a beaucoup d\u00e9\u00e7us. Or nous avons trouv\u00e9 de nouvelles fa\u00e7ons de servir la communaut\u00e9. Cela n\u2019aurait pas \u00e9t\u00e9 possible sans le soutien de nos partenaires et commanditaires.<\/p><p>\u00a0<\/p><p>\u00a0<\/p>\t\t\t\t\t\t\t\t<\/div>\n\t\t\t\t<\/div>\n\t\t\t\t\t<\/div>\n\t\t<\/div>\n\t\t\t\t\t<\/div>\n\t\t<\/section>\n\t\t\t\t<section class=\"elementor-section elementor-top-section elementor-element elementor-element-083d385 elementor-section-boxed elementor-section-height-default elementor-section-height-default\" data-id=\"083d385\" data-element_type=\"section\">\n\t\t\t\t\t\t<div class=\"elementor-container elementor-column-gap-default\">\n\t\t\t\t\t<div class=\"elementor-column elementor-col-50 elementor-top-column elementor-element elementor-element-8755bee\" data-id=\"8755bee\" data-element_type=\"column\">\n\t\t\t<div class=\"elementor-widget-wrap elementor-element-populated\">\n\t\t\t\t\t\t<div class=\"elementor-element elementor-element-9d280ba elementor-blockquote--skin-border elementor-widget elementor-widget-blockquote\" data-id=\"9d280ba\" data-element_type=\"widget\" data-widget_type=\"blockquote.default\">\n\t\t\t\t<div class=\"elementor-widget-container\">\n\t\t\t\t\t\t\t<blockquote class=\"elementor-blockquote\">\n\t\t\t<p class=\"elementor-blockquote__content\">\n\t\t\t\tLa deuxi\u00e8me activit\u00e9 ax\u00e9e sur l\u2019\u00e9ducation et organis\u00e9e par la SMC pendant le confinement a \u00e9t\u00e9 le lancement de son tout premier concours pour les \u00e9l\u00e8ves du primaire : le Concours math\u00e9matique canadien du geai gris (CMCG).\t\t\t<\/p>\n\t\t\t\t\t<\/blockquote>\n\t\t\t\t\t\t<\/div>\n\t\t\t\t<\/div>\n\t\t\t\t\t<\/div>\n\t\t<\/div>\n\t\t\t\t<div class=\"elementor-column elementor-col-50 elementor-top-column elementor-element elementor-element-557bdf7\" data-id=\"557bdf7\" data-element_type=\"column\">\n\t\t\t<div class=\"elementor-widget-wrap elementor-element-populated\">\n\t\t\t\t\t\t<div class=\"elementor-element elementor-element-7c1b9b7 elementor-widget elementor-widget-image\" data-id=\"7c1b9b7\" data-element_type=\"widget\" data-widget_type=\"image.default\">\n\t\t\t\t<div class=\"elementor-widget-container\">\n\t\t\t\t\t\t\t\t\t\t\t\t\t\t\t<img fetchpriority=\"high\" decoding=\"async\" width=\"600\" height=\"200\" src=\"https:\/\/notes.math.ca\/wp-content\/uploads\/2020\/07\/French-Gray-Jay-Competition-new-FR-1.png\" class=\"attachment-large size-large wp-image-5330\" alt=\"\" srcset=\"https:\/\/notes.math.ca\/wp-content\/uploads\/2020\/07\/French-Gray-Jay-Competition-new-FR-1.png 600w, https:\/\/notes.math.ca\/wp-content\/uploads\/2020\/07\/French-Gray-Jay-Competition-new-FR-1-300x100.png 300w\" sizes=\"(max-width: 600px) 100vw, 600px\" \/>\t\t\t\t\t\t\t\t\t\t\t\t\t\t\t<\/div>\n\t\t\t\t<\/div>\n\t\t\t\t\t<\/div>\n\t\t<\/div>\n\t\t\t\t\t<\/div>\n\t\t<\/section>\n\t\t\t\t<section class=\"elementor-section elementor-top-section elementor-element elementor-element-51f57f7 elementor-section-boxed elementor-section-height-default elementor-section-height-default\" data-id=\"51f57f7\" data-element_type=\"section\">\n\t\t\t\t\t\t<div class=\"elementor-container elementor-column-gap-default\">\n\t\t\t\t\t<div class=\"elementor-column elementor-col-100 elementor-top-column elementor-element elementor-element-3fa9b3b\" data-id=\"3fa9b3b\" data-element_type=\"column\">\n\t\t\t<div class=\"elementor-widget-wrap elementor-element-populated\">\n\t\t\t\t\t\t<div class=\"elementor-element elementor-element-09bf1c9 elementor-widget elementor-widget-text-editor\" data-id=\"09bf1c9\" data-element_type=\"widget\" data-widget_type=\"text-editor.default\">\n\t\t\t\t<div class=\"elementor-widget-container\">\n\t\t\t\t\t\t\t\t\t<p>La SMC a aussi eu le temps pendant le confinement de mieux r\u00e9fl\u00e9chir sur les enjeux de la repr\u00e9sentation et les meilleures fa\u00e7ons d\u2019inclure et d\u2019engager une diversit\u00e9 de voix au sein de la communaut\u00e9 math\u00e9matique. En partenariat avec la Fondation RBC, la SMC a consacr\u00e9 un fonds pour accorder des dispenses de frais d\u2019inscription aux 400 \u00e9l\u00e8ves noirs et autochtones participant au D\u00e9fi ouvert canadien de math\u00e9matiques (DOCM) et au Concours math\u00e9matique canadien du geai gris (CMCG). Par cette initiative, nous esp\u00e9rons aider \u00e0 reconna\u00eetre tous et toutes les \u00e9l\u00e8ves dou\u00e9s en math\u00e9matiques et \u00e0 lever des obstacles socio\u00e9conomiques auxquels elles et ils sont confront\u00e9s dans leur trajectoire scolaire. De plus, la Soci\u00e9t\u00e9 vient de cr\u00e9er deux nouveaux comit\u00e9s\u00a0: le Comit\u00e9 de r\u00e9conciliation et math\u00e9matique ainsi que le Comit\u00e9 de diversit\u00e9 et d\u2019inclusion de la SMC, dont le mandat est de conceptualiser des programmes et des strat\u00e9gies qui rendent notre communaut\u00e9 plus inclusive.<\/p><p>En ce moment critique, le bail de location du bureau de la SMC \u00e0 Ottawa est sur le point d\u2019expirer. \u00c0 l\u2019\u00e2ge de 75 ans, la SMC n\u2019a toujours pas sa propre maison! L\u2019on esp\u00e8re avoir rembours\u00e9 ses dettes et poss\u00e9der un chez-soi stable \u00e0 cet \u00e2ge. Or ceci n\u2019est pas le cas pour notre Soci\u00e9t\u00e9. Sans aucun doute, cette instabilit\u00e9 spatiale ne refl\u00e8te pas le prestige et la gloire qu\u2019inspire la Soci\u00e9t\u00e9. Nous traversons une p\u00e9riode difficile et il peut para\u00eetre contradictoire de rompre avec 75 ans de tradition de location en achetant un immeuble que la communaut\u00e9 math\u00e9matique du Canada peut appeler son chez-soi. Mais les moments difficiles offrent parfois des opportunit\u00e9s singuli\u00e8res. D\u2019une part, le prix immobilier est plut\u00f4t raisonnable et m\u00eame inf\u00e9rieur aux pr\u00e9visions du march\u00e9 en ce moment. D\u2019autre part, lorsque la vie normale se reprend, les prix augmenteront si bien que la Soci\u00e9t\u00e9 ne sera pas en mesure de se payer un immeuble pendant des ann\u00e9es. C\u2019est pour ces raisons que je relance avec enthousiasme le projet d\u2019achat de la Maison canadienne des math\u00e9matiques. Ce projet, selon moi, pourrait s\u2019avancer en deux phases. Au cours de la premi\u00e8re phase, nous obtiendrons une place permanente pour loger le bureau ex\u00e9cutif. Apr\u00e8s 75 ans, la SMC m\u00e9rite cette stabilit\u00e9. Lors de la deuxi\u00e8me phase, la Maison canadienne des sciences math\u00e9matiques pourrait \u00e9galement h\u00e9berger d\u2019autres soci\u00e9t\u00e9s scientifiques canadiennes dont la mission est \u00e9galement la promotion et le soutien de diff\u00e9rents aspects des sciences math\u00e9matiques, statistiques et actuarielles. Ce partage de r\u00e9sidence suscite une collaboration \u00e9troite entre diff\u00e9rentes entit\u00e9s scientifiques qui, \u00e0 son tour, se traduit en une meilleure soci\u00e9t\u00e9 pour les Canadiennes et Canadiens.<\/p><p>Chers et ch\u00e8res coll\u00e8gues, c\u2019est le moment de r\u00e9aliser la premi\u00e8re phase de ce projet! Nous devons travailler ensemble pour b\u00e2tir la <em>Maison canadienne des math\u00e9matiques<\/em>. Nous sommes nombreux et avec un grand r\u00e9pertoire de membres actifs d\u2019un oc\u00e9an \u00e0 l\u2019autre. La SMC compte sur vos g\u00e9n\u00e9reux dons pour d\u00e9marrer ce projet. En effet, un seul donateur ou une seule donatrice suffirait pour acheter la maison sous son nom. Et si cela est trop ambitieux, plusieurs donateurs et donatrices peuvent partager cet honneur. Un comit\u00e9 <em>ad hoc<\/em> a \u00e9t\u00e9 form\u00e9 afin d\u2019\u00e9tudier la faisabilit\u00e9 de l\u2019\u00e9tablissement de la Maison canadienne de math\u00e9matiques. Le comit\u00e9 vous invite \u00e0 lui faire part de vos questions et vos commentaires concernant ce projet.<\/p><p>\u00a0<\/p>\t\t\t\t\t\t\t\t<\/div>\n\t\t\t\t<\/div>\n\t\t\t\t\t<\/div>\n\t\t<\/div>\n\t\t\t\t\t<\/div>\n\t\t<\/section>\n\t\t\t\t<\/div>\n\t\t","protected":false},"author":6,"template":"","section":[24],"keyword":[211,208,210,209,207,132],"class_list":["post-5326","article","type-article","status-publish","hentry","section-article-de-couverture","keyword-anniversaire","keyword-diversite","keyword-education","keyword-inclusion","keyword-maison-de-la-mathematiques","keyword-recherche"],"toolset-meta":{"author-4-info":{"author-4-surname":{"type":"textfield","raw":""},"author-4-given-names":{"type":"textfield","raw":""},"author-4-honorific":{"type":"textfield","raw":""},"author-4-institution":{"type":"textfield","raw":""},"author-4-email":{"type":"email","raw":""},"author-4-cms-role":{"type":"textfield","raw":""}},"author-3-info":{"author-3-surname":{"type":"textfield","raw":""},"author-3-given-names":{"type":"textfield","raw":""},"author-3-honorific":{"type":"textfield","raw":""},"author-3-institution":{"type":"textfield","raw":""},"author-3-email":{"type":"email","raw":""},"author-3-cms-role":{"type":"textfield","raw":""}},"author-2-info":{"author-2-surname":{"type":"textfield","raw":""},"author-2-given-names":{"type":"textfield","raw":""},"author-2-honorific":{"type":"textfield","raw":""},"author-2-institution":{"type":"textfield","raw":""},"author-2-email":{"type":"email","raw":""},"author-2-cms-role":{"type":"textfield","raw":""}},"author-info":{"author-surname":{"type":"textfield","raw":"Mashreghi"},"author-given-names":{"type":"textfield","raw":"Javad"},"author-honorific":{"type":"textfield","raw":""},"author-email":{"type":"email","raw":"javad.mashreghi@mat.ulaval.ca"},"author-institution":{"type":"textfield","raw":"Universit\u00e9 Laval"},"author-cms-role":{"type":"textfield","raw":"Pr\u00e9sident de la SMC"}},"unknown":{"downloadable-pdf":{"type":"file","raw":"https:\/\/notes.math.ca\/wp-content\/uploads\/2020\/07\/La-maison-canadienne-des-math\u00e9matiques-Notes-de-la-SMC.pdf","attachment_id":5442},"article-toc-weight":{"type":"numeric","raw":"10"},"author-surname":{"type":"textfield","raw":"Mashreghi"},"author-given-names":{"type":"textfield","raw":"Javad"}}},"_links":{"self":[{"href":"https:\/\/notes.math.ca\/fr\/wp-json\/wp\/v2\/article\/5326","targetHints":{"allow":["GET"]}}],"collection":[{"href":"https:\/\/notes.math.ca\/fr\/wp-json\/wp\/v2\/article"}],"about":[{"href":"https:\/\/notes.math.ca\/fr\/wp-json\/wp\/v2\/types\/article"}],"author":[{"embeddable":true,"href":"https:\/\/notes.math.ca\/fr\/wp-json\/wp\/v2\/users\/6"}],"version-history":[{"count":16,"href":"https:\/\/notes.math.ca\/fr\/wp-json\/wp\/v2\/article\/5326\/revisions"}],"predecessor-version":[{"id":5468,"href":"https:\/\/notes.math.ca\/fr\/wp-json\/wp\/v2\/article\/5326\/revisions\/5468"}],"wp:attachment":[{"href":"https:\/\/notes.math.ca\/fr\/wp-json\/wp\/v2\/media?parent=5326"}],"wp:term":[{"taxonomy":"section","embeddable":true,"href":"https:\/\/notes.math.ca\/fr\/wp-json\/wp\/v2\/section?post=5326"},{"taxonomy":"keyword","embeddable":true,"href":"https:\/\/notes.math.ca\/fr\/wp-json\/wp\/v2\/keyword?post=5326"}],"curies":[{"name":"wp","href":"https:\/\/api.w.org\/{rel}","templated":true}]}}