{"id":7360,"date":"2020-11-10T09:34:13","date_gmt":"2020-11-10T14:34:13","guid":{"rendered":"https:\/\/notes.math.ca\/?post_type=article&#038;p=7360"},"modified":"2020-11-24T11:38:30","modified_gmt":"2020-11-24T16:38:30","slug":"avis-delection-de-la-smc-2021","status":"publish","type":"article","link":"https:\/\/notes.math.ca\/fr\/article\/avis-delection-de-la-smc-2021\/","title":{"rendered":"Avis d\u2019\u00c9lection de la SMC 2021"},"content":{"rendered":"\t\t<div data-elementor-type=\"wp-post\" data-elementor-id=\"7360\" class=\"elementor elementor-7360 elementor-7355\" data-elementor-post-type=\"article\">\n\t\t\t\t\t\t<section class=\"elementor-section elementor-top-section elementor-element elementor-element-f83b9da elementor-section-boxed elementor-section-height-default elementor-section-height-default\" data-id=\"f83b9da\" data-element_type=\"section\">\n\t\t\t\t\t\t<div class=\"elementor-container elementor-column-gap-default\">\n\t\t\t\t\t<div class=\"elementor-column elementor-col-100 elementor-top-column elementor-element elementor-element-82c0572\" data-id=\"82c0572\" data-element_type=\"column\">\n\t\t\t<div class=\"elementor-widget-wrap elementor-element-populated\">\n\t\t\t\t\t\t<div class=\"elementor-element elementor-element-b2debc0 elementor-widget elementor-widget-text-editor\" data-id=\"b2debc0\" data-element_type=\"widget\" data-widget_type=\"text-editor.default\">\n\t\t\t\t<div class=\"elementor-widget-container\">\n\t\t\t\t\t\t\t\t\t<p>En 2021, la SMC compte \u00e9lire onze (11) dirigeant.e.s et administrat.rices.eurs. Les candidat.e.s doivent accepter la nomination et envoyer une notice biographique au Comit\u00e9.<\/p><p>La SMC vous invite \u00e0 proposer des candidatures. Le Comit\u00e9 des mises en candidature acceptera les nominations<strong> d\u2019ici le 1er mars 2021,<\/strong> \u00e0 condition que la personne nomm\u00e9e : (i) ait re\u00e7u l\u2019appui par \u00e9crit d\u2019au moins cinq (5) autres membres de la SMC; (ii) ait accept\u00e9 par \u00e9crit sa candidature; et (iii) ait fourni ses renseignements biographiques.<\/p><p><strong>Les nominations et les documents justificatifs \u00a0doivent \u00eatre envoy\u00e9s par courriel \u00e0 <a href=\"mailto:candidatures-2021@smc.math.ca\">candidatures-2021@smc.math.ca <\/a><\/strong>ou par la poste \u00e0 :<\/p><p>Pr\u00e9sident du Comit\u00e9 des mises en candidature <br \/>Soci\u00e9t\u00e9 math\u00e9matique du Canada<br \/>209 &#8211; 1725 boul. Saint-Laurent<br \/>Ottawa (Ontario) \u00a0K1G 3V4\u00a0\u00a0 Canada<\/p><p><strong>On demande des candidatures aux postes suivants au sein du <a href=\"https:\/\/smc.math.ca\/apropos-de-la-smc\/la-gouvernance\/comite-executif\/\">Comit\u00e9 ex\u00e9cutif<\/a> <em>(longueur du mandat entre paranth\u00e8ses)<\/em> :<\/strong><\/p><ul><li>Pr\u00e9sident.e \u00e9lu.e <em>(1 an)<\/em>\/Pr\u00e9sident.e <em>(2 ans)<\/em>\/Pr\u00e9sident.e sortant <em>(1 an)<\/em> ;<\/li><li>Vice-pr\u00e9sident.e \u2013 Atlantique (N.-B., \u020a.-P.-\u00c9, N.-\u00c9., T.-N.-L.) <em>(4 ans)<\/em> ; et<\/li><li>Vice-pr\u00e9sident.e \u2013 Pacifique (C.-B., Yukon) <em>(4 ans).<\/em><\/li><\/ul><p><strong>La SMC est \u00e0 la recherche des candidatures pour les postes suivants au sein du <a href=\"https:\/\/smc.math.ca\/apropos-de-la-smc\/la-gouvernance\/conseil-dadministration\/\">Conseil d\u2019administration<\/a> <em>(la dur\u00e9e du mandat entre parenth\u00e8ses)<\/em> :<\/strong><\/p><ul><li>Atlantique \u2013 1 membre <em>(4 ans)<\/em> ;<\/li><li>Qu\u00e9bec \u2013 1 membre <em>(4 ans)<\/em> ;<\/li><li>Ontario \u2013 2 membres <em>(4 ans)<\/em> ;<\/li><li>Ouest (Alb., Sask., Man., T.N.-O., Nunavut) \u2013 1 membre <em>(4 ans)<\/em> ;<\/li><li>Pacifique \u2013 2 membres <em>(4 ans)<\/em> ; et<\/li><li>\u00c9tudiant.e \u2013 1 membre <em>(2 ans)<\/em>.<\/li><\/ul><p>Les membres de la SMC recevront la d\u00e9marche \u00e0 suivre pour voter \u00e9lectroniquement par courriel et auront quatre semaines pour se prononcer. Nous enverrons \u00e9galement des mises \u00e0 jour p\u00e9riodiques aux membres par courriel, dont la liste des candidat.e.s et publierons le tout sur le site Web de la SMC sur <a href=\"https:\/\/smc.math.ca\/apropos-de-la-smc\/la-gouvernance\/elections\/\">la page d&rsquo;\u00e9lection<\/a>.<\/p><p>Les r\u00e9sultats seront officiellement adopt\u00e9s \u00e0 l\u2019assembl\u00e9e g\u00e9n\u00e9rale annuelle (AGA) de la SMC, en juin, \u00e0 la R\u00e9union d\u2019\u00e9t\u00e9 de la SMC qui se tiendra \u00e0 Ottawa, en Ontario. Tous.tes les membres de la SMC sont invit\u00e9.e.s \u00e0 participer \u00e0 l\u2019AGA.<\/p><p>Alexandre Girouard<br \/>Pr\u00e9sident du Comit\u00e9 des mises en candidature<\/p>\t\t\t\t\t\t\t\t<\/div>\n\t\t\t\t<\/div>\n\t\t\t\t\t<\/div>\n\t\t<\/div>\n\t\t\t\t\t<\/div>\n\t\t<\/section>\n\t\t\t\t<\/div>\n\t\t","protected":false},"author":5,"template":"","section":[65],"keyword":[140,267],"class_list":["post-7360","article","type-article","status-publish","hentry","section-appel-de-candidatures","keyword-appels","keyword-election-2"],"toolset-meta":{"author-4-info":{"author-4-surname":{"type":"textfield","raw":""},"author-4-given-names":{"type":"textfield","raw":""},"author-4-honorific":{"type":"textfield","raw":""},"author-4-institution":{"type":"textfield","raw":""},"author-4-email":{"type":"email","raw":""},"author-4-cms-role":{"type":"textfield","raw":""}},"author-3-info":{"author-3-surname":{"type":"textfield","raw":""},"author-3-given-names":{"type":"textfield","raw":""},"author-3-honorific":{"type":"textfield","raw":""},"author-3-institution":{"type":"textfield","raw":""},"author-3-email":{"type":"email","raw":""},"author-3-cms-role":{"type":"textfield","raw":""}},"author-2-info":{"author-2-surname":{"type":"textfield","raw":""},"author-2-given-names":{"type":"textfield","raw":""},"author-2-honorific":{"type":"textfield","raw":""},"author-2-institution":{"type":"textfield","raw":""},"author-2-email":{"type":"email","raw":""},"author-2-cms-role":{"type":"textfield","raw":""}},"author-info":{"author-surname":{"type":"textfield","raw":""},"author-given-names":{"type":"textfield","raw":""},"author-honorific":{"type":"textfield","raw":""},"author-email":{"type":"email","raw":""},"author-institution":{"type":"textfield","raw":""},"author-cms-role":{"type":"textfield","raw":""}},"unknown":{"downloadable-pdf":{"type":"file","raw":"https:\/\/notes.math.ca\/wp-content\/uploads\/2020\/11\/Avis-d\u2019\u00c9lection-de-la-SMC-2021-Notes-de-la-SMC.pdf","attachment_id":7547},"article-toc-weight":{"type":"numeric","raw":"60"},"author-surname":{"type":"textfield","raw":""},"author-given-names":{"type":"textfield","raw":""}}},"_links":{"self":[{"href":"https:\/\/notes.math.ca\/fr\/wp-json\/wp\/v2\/article\/7360","targetHints":{"allow":["GET"]}}],"collection":[{"href":"https:\/\/notes.math.ca\/fr\/wp-json\/wp\/v2\/article"}],"about":[{"href":"https:\/\/notes.math.ca\/fr\/wp-json\/wp\/v2\/types\/article"}],"author":[{"embeddable":true,"href":"https:\/\/notes.math.ca\/fr\/wp-json\/wp\/v2\/users\/5"}],"version-history":[{"count":4,"href":"https:\/\/notes.math.ca\/fr\/wp-json\/wp\/v2\/article\/7360\/revisions"}],"predecessor-version":[{"id":7549,"href":"https:\/\/notes.math.ca\/fr\/wp-json\/wp\/v2\/article\/7360\/revisions\/7549"}],"wp:attachment":[{"href":"https:\/\/notes.math.ca\/fr\/wp-json\/wp\/v2\/media?parent=7360"}],"wp:term":[{"taxonomy":"section","embeddable":true,"href":"https:\/\/notes.math.ca\/fr\/wp-json\/wp\/v2\/section?post=7360"},{"taxonomy":"keyword","embeddable":true,"href":"https:\/\/notes.math.ca\/fr\/wp-json\/wp\/v2\/keyword?post=7360"}],"curies":[{"name":"wp","href":"https:\/\/api.w.org\/{rel}","templated":true}]}}