{"id":7431,"date":"2020-11-19T09:39:28","date_gmt":"2020-11-19T14:39:28","guid":{"rendered":"https:\/\/notes.math.ca\/article\/happy-birthday-cms\/"},"modified":"2020-11-27T12:59:43","modified_gmt":"2020-11-27T17:59:43","slug":"happy-birthday-cms","status":"publish","type":"article","link":"https:\/\/notes.math.ca\/fr\/article\/happy-birthday-cms\/","title":{"rendered":"Bon anniversaire \u00e0 la SMC!"},"content":{"rendered":"\t\t<div data-elementor-type=\"wp-post\" data-elementor-id=\"7431\" class=\"elementor elementor-7431 elementor-7412\" data-elementor-post-type=\"article\">\n\t\t\t\t\t\t<section class=\"elementor-section elementor-top-section elementor-element elementor-element-7007e3d elementor-section-boxed elementor-section-height-default elementor-section-height-default\" data-id=\"7007e3d\" data-element_type=\"section\">\n\t\t\t\t\t\t<div class=\"elementor-container elementor-column-gap-default\">\n\t\t\t\t\t<div class=\"elementor-column elementor-col-100 elementor-top-column elementor-element elementor-element-917407a\" data-id=\"917407a\" data-element_type=\"column\">\n\t\t\t<div class=\"elementor-widget-wrap elementor-element-populated\">\n\t\t\t\t\t\t<div class=\"elementor-element elementor-element-68d6d11 elementor-widget elementor-widget-text-editor\" data-id=\"68d6d11\" data-element_type=\"widget\" data-widget_type=\"text-editor.default\">\n\t\t\t\t<div class=\"elementor-widget-container\">\n\t\t\t\t\t\t\t\t\t<p><img decoding=\"async\" class=\"alignleft wp-image-504 size-thumbnail\" src=\"https:\/\/notes.math.ca\/wp-content\/uploads\/2020\/01\/TermehKousha-bordered-150x150.jpg\" alt=\"\" width=\"150\" height=\"150\" \/>Je relis mon article de couverture du num\u00e9ro de d\u00e9cembre 2019 dans les notes [1]\u00a0\u00e0 la recherche d\u2019inspiration pour l&rsquo;article pr\u00e9sent. En lisant ce texte, je me rends compte qu\u2019il fait d\u00e9j\u00e0 8 mois que nous vivons dans les temps de COVID. Au cours des 8 derniers mois, la vie, tant sur le plan professionnel que personnel, a \u00e9t\u00e9 loin de normale. Les articles publi\u00e9s dans les derniers num\u00e9ros des Notes de la SMC t\u00e9moignent de nos pr\u00e9occupations \u00e0 trouver des moyens de r\u00e9ajuster nos vies \u00e0 la situation actuelle. Effectivement, ces textes r\u00e9v\u00e8lent un m\u00e9lange d\u2019incertitude et d\u2019espoir. L\u2019incertitude quant \u00e0 l\u2019avenir et \u00e0 la dur\u00e9e des mesures extraordinaires et l\u2019espoir que ces changements ont le potentiel d\u2019ouvrir de nouveaux horizons et de transformer l\u2019\u00e9quilibre de nos vies. Les membres du personnel et les b\u00e9n\u00e9voles de la SMC ont tou.te.s v\u00e9cus ce tourbillon d\u2019\u00e9motions. Certain.e.s d\u2019entre nous ont d\u00fb trouver un moyen de prendre soin de membres plus jeunes ou plus \u00e2g\u00e9.e.s de la famille, faire face \u00e0 la possibilit\u00e9 d\u2019un changement de revenu et \u00e0 d\u2019autres incertitudes. Bref, les temps n\u2019\u00e9taient pas toujours faciles et la pand\u00e9mie a mis en sc\u00e8ne notre r\u00e9siliance, certes, mais aussi des in\u00e9galit\u00e9s au sein de notre communaut\u00e9 que nous t\u00e2cherons d\u2019\u00e9liminer (article by women in math)<\/p><p>Le 2020 s\u2019est pourtant amorc\u00e9 sur une bonne note pour la SMC. Nous avons re\u00e7u des financements du CRSNG et de la Fondation RBC pour nos programmes p\u00e9dagogiques. Avec ces nouveaux fonds, la SMC a \u00e9t\u00e9 en mesure d\u2019organiser un plus grand nombre des camps math\u00e9matiques sp\u00e9cialis\u00e9s surtout pour les \u00e9l\u00e8ves autochtones et dans les communaut\u00e9s du Nord. La Soci\u00e9t\u00e9 a aussi pu financer davantage des concours \u00e0 travers le Canada. Nous nous pr\u00e9parions \u00e9galement \u00e0 c\u00e9l\u00e9brer le 75e anniversaire de la SMC lors de la R\u00e9union d\u2019\u00e9t\u00e9 2020 \u00e0 Ottawa, avec plus de 45 sessions et plus de 700 particpant.e.s du monde entier. Bref, nous avons anticip\u00e9 une ann\u00e9e pleine de succ\u00e8s et de nouvelles initiatives. Mais la pand\u00e9mie vient interrompre nos plans. Nous avons d\u00fb faire preuve de cr\u00e9ativit\u00e9 et de souplesse et le personnel et les b\u00e9n\u00e9voles de la SMC ont relev\u00e9 le d\u00e9fi avec brio. Fid\u00e8le \u00e0 la tradition des derniers num\u00e9ros de l&rsquo;ann\u00e9e des Notes de la SMC, je pr\u00e9senterai dans les paragraphes qui suivent un compte rendu des programmes conceptualis\u00e9s et r\u00e9alis\u00e9s au sein de la Soci\u00e9t\u00e9 et la vision du futur de la SMC.<\/p><p>La soci\u00e9t\u00e9 a continu\u00e9 ses efforts envers l\u2019\u00e9quit\u00e9 en math\u00e9matique en 2020, et a mis en place des programmes qui prendre en compte des nouvelles perspectives et des divers cadres \u00e9pist\u00e9miques.<\/p><h3>Mise \u00e0 jour du mandat de la SMC<\/h3><p>Une r\u00e9alisation tr\u00e8s importante de la SMC a \u00e9t\u00e9 la mise \u00e0 jour de son mandat apr\u00e8s une d\u00e9cennie. Cela est le r\u00e9sultat des mois de travail acharn\u00e9 des pr\u00e9sident.e.s des comit\u00e9s et des membres du personnel. J\u2019ose dire que cela fut ma plus grande r\u00e9alisation depuis le d\u00e9but de mon mandat \u00e0 la SMC. Le mandat actuel se trouve maintenant sur le tout nouveau site Web (link) de la SMC, lanc\u00e9 en mai 2020. En plus, ce mandat sera traduit pour la premi\u00e8re fois en fran\u00e7ais prochainement.<\/p><h3>Camps math\u00e9matiques<\/h3><p>Avec le nouveau soutien financier de la Fondation RBC on a pu ajouter de nouveaux camps math\u00e9matiques sp\u00e9cialis\u00e9s au programme des camps math\u00e9matiques et lancer l\u2019initiative de la SMC pour l\u2019inclusion\u00a0: \u00ab\u00a0Combler l\u2019\u00e9cart\u00a0\u00bb. Des nouveaux camps math\u00e9matiques au Yukon \u00e9taient pr\u00e9vus, dont deux dans les communaut\u00e9s autochtones et un autre \u00e0 Whitehorse. Les camps ruraux ont \u00e9t\u00e9 annul\u00e9 \u00e0 la suite des mesures hygi\u00e9niques mises en place en mars. Nous avons donc investi l\u2019argent pour agrandir le nombre des camps \u00e0 Whitehorse de deux \u00e0 quatre afin de cr\u00e9er plus de distanciations sociales et de tenir les camps en conformit\u00e9 avec les protocoles de la sant\u00e9 publique. Un autre nouveau camp sp\u00e9cialis\u00e9 de cette ann\u00e9e \u00e9tait le camp pour les \u00e9l\u00e8ves ayant de troubles du spectre de l\u2019autisme \u00e0 Toronto. Malgr\u00e9 les d\u00e9fis, les organisatrices ont r\u00e9ussi \u00e0 cr\u00e9er cet espace pour les \u00e9l\u00e8ves qui \u00e9taient d\u00e9pourvu.e.s de l\u2019\u00e9cole et de la vie sociale qu\u2019elle offre pendant des mois \u00e0 cause des restrictions de la COVID-19.<\/p><p>Dorrette Pronk, qui a travaill\u00e9 pendant des ann\u00e9es pour organiser des programmes pour les filles en math\u00e9matiques, a organis\u00e9 un camp math\u00e9matique virtuel avec Diana Casta\u00f1eda Santos\u00a0pour les des espoirs olympiques pour filles. C\u2019est la premi\u00e8re fois que la SMC organise un tel camp. Nous esp\u00e9rons pouvoir en organiser le prochain en personnes quand la vie normale se reprend. Plusieurs de nos camps r\u00e9gionaux et sp\u00e9cialis\u00e9s ont \u00e9t\u00e9 annul\u00e9s \u00e0 cause de la soudainet\u00e9 de la rupture caus\u00e9e par la COVID et faute du temps et des ressources pour consid\u00e9rer des options virtuelles. Or, avec le virage virtuel de ces derniers temps, la SMC s\u2019est pourvue des ressources et des aptitudes pour une transition fluide des activit\u00e9s en personnes aux activit\u00e9s \u00e0 distances en cas d\u2019autres ruptures dans l\u2019avenir.<\/p>\t\t\t\t\t\t\t\t<\/div>\n\t\t\t\t<\/div>\n\t\t\t\t<div class=\"elementor-element elementor-element-ae58f76 elementor-blockquote--skin-boxed elementor-blockquote--align-center elementor-blockquote--button-view-icon-text elementor-blockquote--button-skin-classic elementor-widget elementor-widget-blockquote\" data-id=\"ae58f76\" data-element_type=\"widget\" data-widget_type=\"blockquote.default\">\n\t\t\t\t<div class=\"elementor-widget-container\">\n\t\t\t\t\t\t\t<blockquote class=\"elementor-blockquote\">\n\t\t\t<p class=\"elementor-blockquote__content\">\n\t\t\t\tNous avons d\u00fb faire preuve de cr\u00e9ativit\u00e9 et de souplesse et le personnel et les b\u00e9n\u00e9voles de la SMC ont relev\u00e9 le d\u00e9fi avec brio.\t\t\t<\/p>\n\t\t\t\t\t\t\t<div class=\"e-q-footer\">\n\t\t\t\t\t\t\t\t\t\t\t\t\t\t\t\t<a href=\"https:\/\/twitter.com\/intent\/tweet?text=Nous+avons+d%C3%BB+faire+preuve+de+cr%C3%A9ativit%C3%A9+et+de+souplesse+et+le+personnel+et+les+b%C3%A9n%C3%A9voles+de+la+SMC+ont+relev%C3%A9+le+d%C3%A9fi+avec+brio.&amp;url=https%3A%2F%2Fnotes.math.ca%2Ffr%2F%2Ffr%2Farticle%2Fhappy-birthday-cms%2F\" class=\"elementor-blockquote__tweet-button\" target=\"_blank\">\n\t\t\t\t\t\t\t\t\t\t\t\t\t\t\t<i aria-hidden=\"true\" class=\"fab fa-twitter\"><\/i>\t\t\t\t\t\t\t\t\t\t\t\t\t\t\t\t\t\t\t\t\t\t\t\t\t\t\t\t\t\t<span class=\"elementor-blockquote__tweet-label\">Tweet<\/span>\n\t\t\t\t\t\t\t\t\t\t\t\t\t<\/a>\n\t\t\t\t\t\t\t\t\t<\/div>\n\t\t\t\t\t<\/blockquote>\n\t\t\t\t\t\t<\/div>\n\t\t\t\t<\/div>\n\t\t\t\t<div class=\"elementor-element elementor-element-6a4add7 elementor-widget elementor-widget-text-editor\" data-id=\"6a4add7\" data-element_type=\"widget\" data-widget_type=\"text-editor.default\">\n\t\t\t\t<div class=\"elementor-widget-container\">\n\t\t\t\t\t\t\t\t\t<h3><span style=\"font-size: 1rem;\">Concours<\/span><\/h3><p>\u00c0 la suite de la fermeture d\u2019\u00e9coles, impos\u00e9e par le confinement, la Soci\u00e9t\u00e9 a constat\u00e9 une demande croissante pour les programmes \u00e9ducatifs qui peuvent combler l\u2019absence de l\u2019\u00e9cole et entretenir les aptitudes math\u00e9matiques des \u00e9l\u00e8ves pendant cette p\u00e9riode. Nous avons recherch\u00e9 des ressources et les avons pr\u00e9sent\u00e9es \u00e0 de nombreux conseils scolaires \u00e0 travers le pays. La SMC a aussi cr\u00e9\u00e9 de nouvelles pages (link) de m\u00e9dias sociaux pour r\u00e9pondre aux besoins des \u00e9l\u00e8ves ainsi que de leurs parents et de leurs \u00e9ducateurs.trices. Qui plus est, on a cr\u00e9\u00e9 un tout nouveau concours, le Concours math\u00e9matique canadien du geai gris, pour les \u00e9l\u00e8ves du primaire. L\u2019objectif de ce concours est de garder les \u00e9l\u00e8ves engag\u00e9.e.s avec les math\u00e9matiques de mani\u00e8re ludique et stimulante. Cette ann\u00e9e, le Geai gris est offert en formats virtuel et papier pour \u00eatre accessible \u00e0 un plus grand nombre d\u2019\u00e9l\u00e8ves.<\/p><p>C\u2019est pour cette raison que le D\u00e9fi ouvert canadien de math\u00e9matiques aussi a \u00e9t\u00e9 offert en deux formats cette ann\u00e9e. Le format virtuel a rajout\u00e9 \u00e0 la complexit\u00e9 d&rsquo;organiser deux concours nationaux, mais le personnel de la SMC et le comit\u00e9 de concours \u00e9taient heureux.ses de continuer \u00e0 servir les besoins math\u00e9matiques des jeunes. Dans le cadre de son initiative d\u2019inclusion\u00a0: \u00ab\u00a0Combler l\u2019\u00e9cart\u00a0\u00bb la SMC a aussi r\u00e9ussi \u00e0 augmenter le taux de participation des \u00e9l\u00e8ves autochtones et noir.e.s dans ses activit\u00e9s. Elle a entre autres parrain\u00e9 la participation de ces \u00e9l\u00e8ves dans ses deux concours. Les \u00e9l\u00e8ves autochtones et noir.e.s inscrit.e.s aux concours entrent aussi dans un tirage au sort pour avoir la chance de gagner $500 pour leur \u00e9cole. Pour mieux pr\u00e9parer les \u00e9l\u00e8ves participant \u00e0 notre initiative pour les concours, la SMC a organis\u00e9 une s\u00e9rie de webinaires dont certains, s&rsquo;adressant aux enseignant.e.s et aux parents, abordent les probl\u00e9matiques de l\u2019\u00e9quit\u00e9, des pr\u00e9jug\u00e9s inconscients et d\u2019autres, \u00e0 l\u2019intention des \u00e9l\u00e8ves, \u00e9taient des cours pr\u00e9paratoires. Les webinaires \u00e9taient extr\u00eamement r\u00e9ussis et nous pr\u00e9voyons les continuer et aider les \u00e9ducateur.e.s et les math\u00e9maticien.ne.s \u00e0 mieux s\u2019attaquer aux in\u00e9galit\u00e9s dans la communaut\u00e9.<\/p><p>La SMC est extr\u00eamement fi\u00e8re de ses jeunes olympien.ne.s qui ont relev\u00e9 le d\u00e9fi face aux difficult\u00e9s d\u2019une pand\u00e9mie mondiale. L\u2019\u00e9quipe canadienne de filles participant aux Olympiades europ\u00e9ennes de math\u00e9matiques pour filles a d\u00fb changer ses plans et participer \u00e0 l\u2019Olympiade de fa\u00e7on virtuelle. Cette nouvelle d\u00e9cevante a signifi\u00e9 que ces jeunes math\u00e9maticiennes seront d\u00e9pourvues d\u2019un aspect important du concours\u00a0: la socialisation et r\u00e9seautage avec d\u2019autres math\u00e9maticiennes et de possibles mentors. Malgr\u00e9 les d\u00e9fis et les d\u00e9ceptions, l\u2019\u00e9quipe canadienne a r\u00e9ussi \u00e0 remporter une m\u00e9daille d\u2019argent, une m\u00e9daille de bronze et une mention d\u2019honneur.<\/p><p>L\u2019\u00e9quipe canadienne participant \u00e0 l\u2019Olympiade internationale de math\u00e9matiques devait \u00e9galement changer ses plans de voyage \u00e0 Saint-P\u00e9tersbourg, en Russie, et participer virtuellement de Toronto. L\u2019Olympiade a \u00e9t\u00e9 en plus report\u00e9e \u00e0 la fin de septembre, au beau milieu de l\u2019ann\u00e9e scolaire et l\u2019entra\u00eenement a d\u00fb se faire virtuellement. Or, la d\u00e9termination des membres de l\u2019\u00e9quipe \u00e9tait in\u00e9branlable et l\u2019\u00e9quipe avait l\u2019une de ses meilleures performances dans l\u2019histoire de la participation du Canada \u00e0 l\u2019OIM. Le Canada a remport\u00e9 trois m\u00e9dailles d\u2019or, une m\u00e9daille d\u2019argent et deux m\u00e9dailles de bronze.<\/p><p>La SMC remercie les chefs d\u2019\u00e9quipe, les entra\u00eeneurs, les surveillants et toutes les parties impliqu\u00e9es pour leur travail acharn\u00e9 et leur d\u00e9vouement.<\/p>\t\t\t\t\t\t\t\t<\/div>\n\t\t\t\t<\/div>\n\t\t\t\t<section class=\"elementor-section elementor-inner-section elementor-element elementor-element-a547731 elementor-section-boxed elementor-section-height-default elementor-section-height-default\" data-id=\"a547731\" data-element_type=\"section\">\n\t\t\t\t\t\t<div class=\"elementor-container elementor-column-gap-default\">\n\t\t\t\t\t<div class=\"elementor-column elementor-col-50 elementor-inner-column elementor-element elementor-element-24434f3\" data-id=\"24434f3\" data-element_type=\"column\">\n\t\t\t<div class=\"elementor-widget-wrap elementor-element-populated\">\n\t\t\t\t\t\t<div class=\"elementor-element elementor-element-b7edc0e elementor-widget elementor-widget-image\" data-id=\"b7edc0e\" data-element_type=\"widget\" data-widget_type=\"image.default\">\n\t\t\t\t<div class=\"elementor-widget-container\">\n\t\t\t\t\t\t\t\t\t\t\t\t<figure class=\"wp-caption\">\n\t\t\t\t\t\t\t\t\t\t<img decoding=\"async\" src=\"https:\/\/notes.math.ca\/wp-content\/uploads\/elementor\/thumbs\/OpeningCeremony-1-oybjs2nxif622eivohcvb1r2549c188hgbvb61gzcw.jpg\" title=\"OpeningCeremony\" alt=\"OpeningCeremony\" loading=\"lazy\" \/>\t\t\t\t\t\t\t\t\t\t\t<figcaption class=\"widget-image-caption wp-caption-text\">\u00c9quipe math Canada participant \u00e0 l'OIM 2020<\/figcaption>\n\t\t\t\t\t\t\t\t\t\t<\/figure>\n\t\t\t\t\t\t\t\t\t<\/div>\n\t\t\t\t<\/div>\n\t\t\t\t\t<\/div>\n\t\t<\/div>\n\t\t\t\t<div class=\"elementor-column elementor-col-50 elementor-inner-column elementor-element elementor-element-e74aeec\" data-id=\"e74aeec\" data-element_type=\"column\">\n\t\t\t<div class=\"elementor-widget-wrap elementor-element-populated\">\n\t\t\t\t\t\t<div class=\"elementor-element elementor-element-76d7ba4 elementor-widget elementor-widget-image\" data-id=\"76d7ba4\" data-element_type=\"widget\" data-widget_type=\"image.default\">\n\t\t\t\t<div class=\"elementor-widget-container\">\n\t\t\t\t\t\t\t\t\t\t\t\t<figure class=\"wp-caption\">\n\t\t\t\t\t\t\t\t\t\t<img decoding=\"async\" src=\"https:\/\/notes.math.ca\/wp-content\/uploads\/elementor\/thumbs\/Screen-Shot-2020-04-08-at-9.06.49-PM-1-oq6ldysln7evzmjefzm85h78oxw5bs85nrt89a4hkw.jpg\" title=\"Screen Shot 2020-04-08 at 9.06.49 PM-1\" alt=\"Screen Shot 2020-04-08 at 9.06.49 PM-1\" loading=\"lazy\" \/>\t\t\t\t\t\t\t\t\t\t\t<figcaption class=\"widget-image-caption wp-caption-text\">\u00c9quipe Math Canada participant \u00e0 l'OEMF 2020<\/figcaption>\n\t\t\t\t\t\t\t\t\t\t<\/figure>\n\t\t\t\t\t\t\t\t\t<\/div>\n\t\t\t\t<\/div>\n\t\t\t\t\t<\/div>\n\t\t<\/div>\n\t\t\t\t\t<\/div>\n\t\t<\/section>\n\t\t\t\t<div class=\"elementor-element elementor-element-9c6fd8b elementor-blockquote--skin-quotation elementor-blockquote--align-center elementor-widget elementor-widget-blockquote\" data-id=\"9c6fd8b\" data-element_type=\"widget\" data-widget_type=\"blockquote.default\">\n\t\t\t\t<div class=\"elementor-widget-container\">\n\t\t\t\t\t\t\t<blockquote class=\"elementor-blockquote\">\n\t\t\t<p class=\"elementor-blockquote__content\">\n\t\t\t\tLa SMC est extr\u00eamement fi\u00e8re de ses jeunes olympien.ne.s qui ont relev\u00e9 le d\u00e9fi face aux difficult\u00e9s d\u2019une pand\u00e9mie mondiale. \t\t\t<\/p>\n\t\t\t\t\t<\/blockquote>\n\t\t\t\t\t\t<\/div>\n\t\t\t\t<\/div>\n\t\t\t\t<div class=\"elementor-element elementor-element-0f830a4 elementor-widget elementor-widget-text-editor\" data-id=\"0f830a4\" data-element_type=\"widget\" data-widget_type=\"text-editor.default\">\n\t\t\t\t<div class=\"elementor-widget-container\">\n\t\t\t\t\t\t\t\t\t<h3>R\u00e9unions<\/h3><p>Le personnel de la SMC, les participant.e.s et les membres du comit\u00e9 scientifique \u00e9taient d\u00e9\u00e7u.e.s par la nouvelle d\u2019annulation de la R\u00e9union du 75e anniversaire de la SMC l\u2019\u00e9t\u00e9 pass\u00e9. Cela ne les a toutefois pas d\u00e9courag\u00e9.e.s. Ils et elles ont \u0153uvr\u00e9 pour minimiser les pertes et s\u2019assurer que la communaut\u00e9 puisse se rassembler en juin 2021 lors de la R\u00e9union d\u2019\u00e9t\u00e9 du 75e+1 anniversaire de la SMC. Ils et elles ont ensuite tourn\u00e9 leur attention \u00e0 r\u00e9pondre aux besoins et aux pr\u00e9occupations des enseignant.e.s qui ont d\u00fb subitement changer leur style d\u2019enseignement et subir des caprices de l\u2019enseignement \u00e0 distance. Au cours de quelques semaines, le personnel et les b\u00e9n\u00e9voles de la SMC ont r\u00e9ussi \u00e0 organiser la premi\u00e8re r\u00e9union virtuelle de la SMC pour discuter de la recherche et de l\u2019\u00e9ducation pendant la pand\u00e9mie. Le taux de participation et les discussions ont d\u00e9pass\u00e9 largement nos attentes. Certaines s\u00e9ances se poursuivront \u00e0 <a href=\"http:\/\/hiver20.smc.math.ca\">la R\u00e9union d\u2019hiver 2020<\/a>. La SMC y a aussi tenu des s\u00e9ances sur l\u2019\u00e9ducation primaire et secondaire et esp\u00e8re collaborer davantage avec les enseignant.e.s de math\u00e9matiques et organiser plus d\u2019\u00e9v\u00e8nements relatifs \u00e0 l\u2019\u00e9ducation des jeunes \u00e9l\u00e8ves. En effet, le grand taux de participation et les discussions enthousiasm\u00e9es qui ont eu lieu pendant cette mini-r\u00e9union \u00e9taient un antidote \u00e0 notre d\u00e9ception face \u00e0 l\u2019annulation de la R\u00e9union d\u2019\u00e9t\u00e9 2020. Nous anticipons impatiemment la suite de ces discussions stimulantes au cours de la R\u00e9union virtuelle d\u2019hiver qui aura lieu dans quelques jours et esp\u00e9rons nous voir en personne en des jours meilleurs.<\/p><h3>Ateliers pour les fonctionnaires du service public<\/h3><p>En collaboration avec l\u2019Universit\u00e9 d\u2019Ottawa, la SMC a organis\u00e9 une s\u00e9rie d\u2019ateliers en ligne pour les fonctionnaires du service public. Les premiers ateliers ont eu lieu en octobre et ont connu beaucoup de succ\u00e8s. Quelques 30 employ\u00e9.e.s du service public y ont particip\u00e9. On anticipe \u00e0 peu pr\u00e8s le m\u00eame taux de participation pour la deuxi\u00e8me s\u00e9rie qui aura lieu en d\u00e9cembre 2020.<\/p><h3>Survie de la SMC<\/h3><p>Bien que les membres du personnel, les b\u00e9n\u00e9voles, et les membres de la SMC se soient impliqu\u00e9.e.s pour conceptualiser des nouvelles initiatives et pour aider la communaut\u00e9 math\u00e9matique surmonter les d\u00e9fis impos\u00e9s par la pand\u00e9mie hygi\u00e9nique, mais l\u2019annulation de la r\u00e9union d\u2019\u00e9t\u00e9 2020, le changement de format de la r\u00e9union d\u2019hiver, l\u2019impact de la COVID-19 sur les concours de la SMC et celui des journaux libre acc\u00e8s sur nos publications, ils ont tous eu des cons\u00e9quences s\u00e9rieuses sur l\u2019\u00e9tat financier de la Soci\u00e9t\u00e9. La SMC cherche de nouvelles fa\u00e7ons de se r\u00e9tablir financi\u00e8rement. Voici comment vous pouvez nous aider\u00a0:<\/p><h4><em>Maison des math\u00e9matiques<\/em><\/h4><p>Apr\u00e8s des heures de d\u00e9lib\u00e9ration et de calculs, le conseil administratif de la SMC est parvenu \u00e0 la conclusion que la plus sauve d\u00e9cision financi\u00e8re pour la SMC en ce moment est de poss\u00e9der sa propre r\u00e9sidence, la Maison des math\u00e9matiques plut\u00f4t que de continuer \u00e0 payer le loyer. De plus, une telle maison sert comme un chez-soi pour la communaut\u00e9 math\u00e9matique canadienne. J\u2019invite les membres \u00e0 contribuer g\u00e9n\u00e9reusement \u00e0 ce projet pour que notre Soci\u00e9t\u00e9 puisse se loger dans une r\u00e9sidence permanente.<\/p><h4><em>Nouveaux commanditaires pour les concours de la SMC<\/em><\/h4><p>La SMC est en recherche des commanditaires pour les concours math\u00e9matiques pour les \u00e9l\u00e8ves du primaire et du secondaire, notamment le D\u00e9fi ouvert canadien de math\u00e9matiques et le Concours math\u00e9matique canadien du geai gris. La Soci\u00e9t\u00e9 encourage ses membres \u00e0 nous faire signe s\u2019ils rencontrent des opportunit\u00e9s de partenariat dans leur r\u00e9seau.<\/p><h3>Vision d\u2019avenir<\/h3><p>Qu\u2019un vaccin contre la grippe soit d\u00e9voil\u00e9 dans les prochains mois, on ne le sait pas. Ce qui est certain, par contre, surtout en vue de la crise actuelle, est que les math\u00e9matiques sont importantes et qu\u2019elles touchent \u00e0 plusieurs aspects de nos vies quotidiennes. De nombreuses entrevues avec les \u00e9pid\u00e9miologistes et les biologistes math\u00e9matiques, le d\u00e9fil\u00e9 de graphiques pr\u00e9disant et expliquant les tendances de propagation de la COVID, et l\u2019impact des math\u00e9matiques sur les politiques de sant\u00e9 publique et les d\u00e9cisions \u00e9conomiques, ils t\u00e9moignent tous du r\u00f4le important que jouent les math\u00e9matiques dans notre vie personnelle et collective. C\u2019est ce qui motive la SMC de continuer \u00e0 travailler sans rel\u00e2che pour la communaut\u00e9.<\/p><p>Gr\u00e2ce \u00e0 l\u2019aide des membres de notre personnel, de nos b\u00e9n\u00e9voles et de nos membres, nous renforcerons nos liens avec les communaut\u00e9s dont l\u2019\u00e9pist\u00e9mologie a \u00e9t\u00e9 invisibilis\u00e9e au sein de la communaut\u00e9 math\u00e9matique et t\u00e2cherons de cr\u00e9er un environnement propice \u00e0 l\u2019\u00e9change et \u00e0 l\u2019apprentissage dans les ann\u00e9es \u00e0 venir.<\/p><p>Sur le plan personnel, mon conjoint et moi avons f\u00eat\u00e9 cette ann\u00e9e la naissance de notre premier enfant, Farid Kian, qui a apport\u00e9 beaucoup de joie, d\u2019espoir et d\u2019amour dans notre vie. Pendant mon absence, Yvette Roberts s\u2019occupe du bureau ex\u00e9cutif. Je tiens \u00e0 remercier tous les membres du personnel de la SMC pour leur travail acharn\u00e9 et leur d\u00e9vouement pendant mon cong\u00e9 et esp\u00e8re les revoir de mon retour l\u2019automne prochain.<\/p>\t\t\t\t\t\t\t\t<\/div>\n\t\t\t\t<\/div>\n\t\t\t\t\t<\/div>\n\t\t<\/div>\n\t\t\t\t\t<\/div>\n\t\t<\/section>\n\t\t\t\t<\/div>\n\t\t","protected":false},"author":6,"template":"","section":[24],"keyword":[],"class_list":["post-7431","article","type-article","status-publish","hentry","section-article-de-couverture"],"toolset-meta":{"author-4-info":{"author-4-surname":{"type":"textfield","raw":""},"author-4-given-names":{"type":"textfield","raw":""},"author-4-honorific":{"type":"textfield","raw":""},"author-4-institution":{"type":"textfield","raw":""},"author-4-email":{"type":"email","raw":""},"author-4-cms-role":{"type":"textfield","raw":""}},"author-3-info":{"author-3-surname":{"type":"textfield","raw":""},"author-3-given-names":{"type":"textfield","raw":""},"author-3-honorific":{"type":"textfield","raw":""},"author-3-institution":{"type":"textfield","raw":""},"author-3-email":{"type":"email","raw":""},"author-3-cms-role":{"type":"textfield","raw":""}},"author-2-info":{"author-2-surname":{"type":"textfield","raw":""},"author-2-given-names":{"type":"textfield","raw":""},"author-2-honorific":{"type":"textfield","raw":""},"author-2-institution":{"type":"textfield","raw":""},"author-2-email":{"type":"email","raw":""},"author-2-cms-role":{"type":"textfield","raw":""}},"author-info":{"author-surname":{"type":"textfield","raw":"Kousha"},"author-given-names":{"type":"textfield","raw":"Termeh"},"author-honorific":{"type":"textfield","raw":""},"author-email":{"type":"email","raw":"director@cms.math.ca"},"author-institution":{"type":"textfield","raw":"Soci\u00e9t\u00e9 math\u00e9matique du Canada"},"author-cms-role":{"type":"textfield","raw":"Executive Director"}},"unknown":{"downloadable-pdf":{"type":"file","raw":"https:\/\/notes.math.ca\/wp-content\/uploads\/2020\/11\/Bon-anniversaire-\u00e0-la-SMC-Notes-de-la-SMC.pdf","attachment_id":7612},"article-toc-weight":{"type":"numeric","raw":"10"},"author-surname":{"type":"textfield","raw":"Kousha"},"author-given-names":{"type":"textfield","raw":"Termeh"}}},"_links":{"self":[{"href":"https:\/\/notes.math.ca\/fr\/wp-json\/wp\/v2\/article\/7431","targetHints":{"allow":["GET"]}}],"collection":[{"href":"https:\/\/notes.math.ca\/fr\/wp-json\/wp\/v2\/article"}],"about":[{"href":"https:\/\/notes.math.ca\/fr\/wp-json\/wp\/v2\/types\/article"}],"author":[{"embeddable":true,"href":"https:\/\/notes.math.ca\/fr\/wp-json\/wp\/v2\/users\/6"}],"version-history":[{"count":27,"href":"https:\/\/notes.math.ca\/fr\/wp-json\/wp\/v2\/article\/7431\/revisions"}],"predecessor-version":[{"id":7614,"href":"https:\/\/notes.math.ca\/fr\/wp-json\/wp\/v2\/article\/7431\/revisions\/7614"}],"wp:attachment":[{"href":"https:\/\/notes.math.ca\/fr\/wp-json\/wp\/v2\/media?parent=7431"}],"wp:term":[{"taxonomy":"section","embeddable":true,"href":"https:\/\/notes.math.ca\/fr\/wp-json\/wp\/v2\/section?post=7431"},{"taxonomy":"keyword","embeddable":true,"href":"https:\/\/notes.math.ca\/fr\/wp-json\/wp\/v2\/keyword?post=7431"}],"curies":[{"name":"wp","href":"https:\/\/api.w.org\/{rel}","templated":true}]}}