{"id":7971,"date":"2021-01-08T15:19:05","date_gmt":"2021-01-08T20:19:05","guid":{"rendered":"https:\/\/notes.math.ca\/?post_type=article&#038;p=7971"},"modified":"2021-01-26T11:52:39","modified_gmt":"2021-01-26T16:52:39","slug":"redacteurs-ou-redactrices-en-chef-au-jcm-2022-4","status":"publish","type":"article","link":"https:\/\/notes.math.ca\/fr\/article\/redacteurs-ou-redactrices-en-chef-au-jcm-2022-4\/","title":{"rendered":"R\u00e9dacteurs ou r\u00e9dactrices en chef au JCM 2022"},"content":{"rendered":"\t\t<div data-elementor-type=\"wp-post\" data-elementor-id=\"7971\" class=\"elementor elementor-7971 elementor-7968\" data-elementor-post-type=\"article\">\n\t\t\t\t\t\t<section class=\"elementor-section elementor-top-section elementor-element elementor-element-5d8cd766 elementor-section-boxed elementor-section-height-default elementor-section-height-default\" data-id=\"5d8cd766\" data-element_type=\"section\">\n\t\t\t\t\t\t<div class=\"elementor-container elementor-column-gap-default\">\n\t\t\t\t\t<div class=\"elementor-column elementor-col-100 elementor-top-column elementor-element elementor-element-465ba30b\" data-id=\"465ba30b\" data-element_type=\"column\">\n\t\t\t<div class=\"elementor-widget-wrap elementor-element-populated\">\n\t\t\t\t\t\t<div class=\"elementor-element elementor-element-68139fc7 elementor-widget elementor-widget-text-editor\" data-id=\"68139fc7\" data-element_type=\"widget\" data-widget_type=\"text-editor.default\">\n\t\t\t\t<div class=\"elementor-widget-container\">\n\t\t\t\t\t\t\t\t\t<p><img decoding=\"async\" class=\"wp-image-3775 alignleft\" src=\"https:\/\/notes.math.ca\/wp-content\/uploads\/2020\/03\/2019-Journal-Cover-211x300.jpg\" alt=\"\" width=\"150\" height=\"213\" \/><\/p><p>La SMC invite les personnes int\u00e9ress\u00e9es par un poste de <strong>r\u00e9dacteur ou r\u00e9dactrice en chef<\/strong> au <a href=\"https:\/\/proto.smc.math.ca\/publications\/jcm\/\"><em>Journal canadien de math\u00e9matiques <\/em><\/a>(JCM) \u00e0 lui faire part de leur int\u00e9r\u00eat. Deux postes de r\u00e9dacteurs ou r\u00e9dactrices en chef sont \u00e0 pourvoir, pour un mandat de cinq ans qui commencera le 1 janvier 2022. La SMC offre du soutien financier partiel pour ces deux postes.<\/p><p>Depuis 1949, le <em>Journal canadien de math\u00e9matiques<\/em> s&rsquo;engage \u00e0 publier des recherches en math\u00e9matiques, originales et de haut niveau, suivant de rigoureux examens par des pairs. Les articles de recherches sont disponibles en tout temps en ligne et sont rassembl\u00e9s en six \u00e9ditions imprim\u00e9es par ann\u00e9e. Le JCM et le BCM (<em>Bulletin canadien de math\u00e9matiques<\/em>) ont chacun leur r\u00e9dacteur en chef et partagent un m\u00eame <a href=\"https:\/\/proto.smc.math.ca\/apropos-de-la-smc\/la-gouvernance\/comites-divers\/#cjmcmb-board\">conseil de r\u00e9daction<\/a>.<\/p><p>Les propositions de candidature comprendront les \u00e9l\u00e9ments suivants\u00a0: une lettre de pr\u00e9sentation, votre curriculum vitae et un texte dans lequel vous exprimez votre opinion et vos id\u00e9es par rapport \u00e0 la publication. Puisque devenir r\u00e9dacteur ou r\u00e9dactrice en chef de la JCM est une grande responsabilit\u00e9 qui peut n\u00e9cessiter une r\u00e9duction dans la charge normale de travail, les individu.e.s devraient v\u00e9rifier leur candidature avec leur d\u00e9partement et veuillez ajouter une preuve du soutien.<\/p><p>Veuillez faire parvenir votre candidature par courriel \u00e0\u00a0: <a href=\"mailto:CJM-EIC-2020@smc.math.ca\">CJM-EIC-2020@smc.math.ca<\/a> <strong>au plus tard le <\/strong><strong>15 avril<\/strong><strong> 2021<\/strong>.<\/p><p>Si vous avez des questions, veuillez nous contacter \u00e0 l\u2019adresse courriel ci-dessus.<\/p>\t\t\t\t\t\t\t\t<\/div>\n\t\t\t\t<\/div>\n\t\t\t\t\t<\/div>\n\t\t<\/div>\n\t\t\t\t\t<\/div>\n\t\t<\/section>\n\t\t\t\t<\/div>\n\t\t","protected":false},"author":5,"template":"","section":[65],"keyword":[140,161,163],"class_list":["post-7971","article","type-article","status-publish","hentry","section-appel-de-candidatures","keyword-appels","keyword-jcm","keyword-redacteurs"],"toolset-meta":{"author-4-info":{"author-4-surname":{"type":"textfield","raw":""},"author-4-given-names":{"type":"textfield","raw":""},"author-4-honorific":{"type":"textfield","raw":""},"author-4-institution":{"type":"textfield","raw":""},"author-4-email":{"type":"email","raw":""},"author-4-cms-role":{"type":"textfield","raw":""}},"author-3-info":{"author-3-surname":{"type":"textfield","raw":""},"author-3-given-names":{"type":"textfield","raw":""},"author-3-honorific":{"type":"textfield","raw":""},"author-3-institution":{"type":"textfield","raw":""},"author-3-email":{"type":"email","raw":""},"author-3-cms-role":{"type":"textfield","raw":""}},"author-2-info":{"author-2-surname":{"type":"textfield","raw":""},"author-2-given-names":{"type":"textfield","raw":""},"author-2-honorific":{"type":"textfield","raw":""},"author-2-institution":{"type":"textfield","raw":""},"author-2-email":{"type":"email","raw":""},"author-2-cms-role":{"type":"textfield","raw":""}},"author-info":{"author-surname":{"type":"textfield","raw":""},"author-given-names":{"type":"textfield","raw":""},"author-honorific":{"type":"textfield","raw":""},"author-email":{"type":"email","raw":""},"author-institution":{"type":"textfield","raw":""},"author-cms-role":{"type":"textfield","raw":""}},"unknown":{"downloadable-pdf":{"type":"file","raw":"https:\/\/notes.math.ca\/wp-content\/uploads\/2021\/01\/R\u00e9dacteurs-ou-r\u00e9dactrices-en-chef-au-JCM-2022-Notes-de-la-SMC.pdf","attachment_id":8206},"article-toc-weight":{"type":"numeric","raw":"68"},"author-surname":{"type":"textfield","raw":""},"author-given-names":{"type":"textfield","raw":""}}},"_links":{"self":[{"href":"https:\/\/notes.math.ca\/fr\/wp-json\/wp\/v2\/article\/7971","targetHints":{"allow":["GET"]}}],"collection":[{"href":"https:\/\/notes.math.ca\/fr\/wp-json\/wp\/v2\/article"}],"about":[{"href":"https:\/\/notes.math.ca\/fr\/wp-json\/wp\/v2\/types\/article"}],"author":[{"embeddable":true,"href":"https:\/\/notes.math.ca\/fr\/wp-json\/wp\/v2\/users\/5"}],"version-history":[{"count":3,"href":"https:\/\/notes.math.ca\/fr\/wp-json\/wp\/v2\/article\/7971\/revisions"}],"predecessor-version":[{"id":8208,"href":"https:\/\/notes.math.ca\/fr\/wp-json\/wp\/v2\/article\/7971\/revisions\/8208"}],"wp:attachment":[{"href":"https:\/\/notes.math.ca\/fr\/wp-json\/wp\/v2\/media?parent=7971"}],"wp:term":[{"taxonomy":"section","embeddable":true,"href":"https:\/\/notes.math.ca\/fr\/wp-json\/wp\/v2\/section?post=7971"},{"taxonomy":"keyword","embeddable":true,"href":"https:\/\/notes.math.ca\/fr\/wp-json\/wp\/v2\/keyword?post=7971"}],"curies":[{"name":"wp","href":"https:\/\/api.w.org\/{rel}","templated":true}]}}