{"id":8589,"date":"2021-02-25T16:09:21","date_gmt":"2021-02-25T21:09:21","guid":{"rendered":"https:\/\/notes.math.ca\/?post_type=article&#038;p=8589"},"modified":"2021-03-12T11:38:46","modified_gmt":"2021-03-12T16:38:46","slug":"prix-de-recherche-de-la-smc-2022","status":"publish","type":"article","link":"https:\/\/notes.math.ca\/fr\/article\/prix-de-recherche-de-la-smc-2022\/","title":{"rendered":"Prix de recherche de la SMC 2022"},"content":{"rendered":"\t\t<div data-elementor-type=\"wp-post\" data-elementor-id=\"8589\" class=\"elementor elementor-8589 elementor-8577\" data-elementor-post-type=\"article\">\n\t\t\t\t\t\t<section class=\"elementor-section elementor-top-section elementor-element elementor-element-33051e11 elementor-section-boxed elementor-section-height-default elementor-section-height-default\" data-id=\"33051e11\" data-element_type=\"section\">\n\t\t\t\t\t\t<div class=\"elementor-container elementor-column-gap-default\">\n\t\t\t\t\t<div class=\"elementor-column elementor-col-100 elementor-top-column elementor-element elementor-element-5c22f3a6\" data-id=\"5c22f3a6\" data-element_type=\"column\">\n\t\t\t<div class=\"elementor-widget-wrap elementor-element-populated\">\n\t\t\t\t\t\t<div class=\"elementor-element elementor-element-7c6ac9b5 elementor-widget elementor-widget-text-editor\" data-id=\"7c6ac9b5\" data-element_type=\"widget\" data-widget_type=\"text-editor.default\">\n\t\t\t\t<div class=\"elementor-widget-container\">\n\t\t\t\t\t\t\t\t\t<p>Le Comit\u00e9 de recherche de la SMC lance un appel de mises en candidatures pour trois de ses prix de conf\u00e9rence.\u00a0 Ces prix ont tous pour objectif de souligner l&rsquo;excellence de membres de la communaut\u00e9 math\u00e9matique canadienne.<\/p>\t\t\t\t\t\t\t\t<\/div>\n\t\t\t\t<\/div>\n\t\t\t\t\t<\/div>\n\t\t<\/div>\n\t\t\t\t\t<\/div>\n\t\t<\/section>\n\t\t\t\t<section class=\"elementor-section elementor-top-section elementor-element elementor-element-58ea60ff elementor-section-boxed elementor-section-height-default elementor-section-height-default\" data-id=\"58ea60ff\" data-element_type=\"section\">\n\t\t\t\t\t\t<div class=\"elementor-container elementor-column-gap-default\">\n\t\t\t\t\t<div class=\"elementor-column elementor-col-100 elementor-top-column elementor-element elementor-element-9199679\" data-id=\"9199679\" data-element_type=\"column\">\n\t\t\t<div class=\"elementor-widget-wrap elementor-element-populated\">\n\t\t\t\t\t\t<div class=\"elementor-element elementor-element-46e3e982 elementor-widget elementor-widget-text-editor\" data-id=\"46e3e982\" data-element_type=\"widget\" data-widget_type=\"text-editor.default\">\n\t\t\t\t<div class=\"elementor-widget-container\">\n\t\t\t\t\t\t\t\t\t<h3><strong>Prix Coxeter-James<br \/><\/strong><\/h3><p style=\"padding-left: 40px;\">Le <strong><a href=\"https:\/\/cms.math.ca\/Prix\/cj-nom\">Prix Coxeter-James<\/a><\/strong> rend hommage aux jeunes math\u00e9maticien.ne.s qui se sont distingu\u00e9.e.s par l&rsquo;excellence de leur contribution \u00e0 la recherche math\u00e9matique.\u00a0 Cette personne doit \u00eatre membre de la communaut\u00e9 math\u00e9matique canadienne.\u00a0 Les candidat.e.s sont admissibles jusqu&rsquo;\u00e0 dix ans apr\u00e8s l&rsquo;obtention de leur doctorat.\u00a0 Toute mise en candidature est modifiable et demeurera active l&rsquo;ann\u00e9e suivante, \u00e0 moins que la mise en candidature originale ait \u00e9t\u00e9 faite la 10e ann\u00e9e suivant l&rsquo;obtention du doctorat.\u00a0 La personne choisie prononcera sa conf\u00e9rence \u00e0 la R\u00e9union d&rsquo;hiver de la SMC 2022.\u00a0<\/p><h3><strong>Prix Jeffery-Williams<br \/><\/strong><\/h3><p style=\"padding-left: 40px;\">Le <strong><a href=\"https:\/\/cms.math.ca\/Prix\/jw-nom\">Prix Jeffery-Williams<\/a><\/strong> rend hommage aux math\u00e9maticien.ne.s ayant fait une contribution exceptionnelle et soutenue \u00e0 la recherche math\u00e9matique.\u00a0 Cette personne doit \u00eatre membre de la communaut\u00e9 math\u00e9matique canadienne.\u00a0 Toute mise en candidature est modifiable et demeurera active pendant trois ans.\u00a0 La personne choisie prononcera sa conf\u00e9rence \u00e0 la R\u00e9union d&rsquo;\u00e9t\u00e9 de la SMC 2022.<\/p><h3><strong>Prix Krieger-Nelson<br \/><\/strong><\/h3><p style=\"padding-left: 40px;\">Le <strong><a href=\"https:\/\/cms.math.ca\/Prix\/kn-nom\">Prix Krieger-Nelson<\/a><\/strong> rend hommage aux math\u00e9maticiennes qui se sont distingu\u00e9es par l&rsquo;excellence de leur contribution \u00e0 la recherche math\u00e9matique.\u00a0 La laur\u00e9ate doit \u00eatre membre de la communaut\u00e9 math\u00e9matique canadienne.\u00a0 Toute mise en candidature est modifiable et demeurera active pendant deux ans.\u00a0 La laur\u00e9ate choisie prononcera sa conf\u00e9rence \u00e0 la R\u00e9union d&rsquo;\u00e9t\u00e9 de la SMC 2022.<\/p><p>La SMC a pour but de promouvoir et de c\u00e9l\u00e9brer la diversit\u00e9 au sens le plus large. Nous encourageons fortement les directeurs ou les directrices de d\u00e9partement et les comit\u00e9s de mise en candidature \u00e0 proposer des coll\u00e8gues exceptionnel.le.s pour la recherche dans les sciences math\u00e9matiques sans distinction de race, de genre, d&rsquo;appartenance ethnique ou d&rsquo;orientation sexuelle. Une personne peut \u00eatre mise en candidature pour plus d&rsquo;un prix de recherche dans les cat\u00e9gories applicables ; plusieurs candidat.e.s d&rsquo;un m\u00eame institut peuvent \u00eatre nomm\u00e9.e.s pour le m\u00eame prix de recherche.<\/p><p>Les prix de recherche de la SMC sont ouverts aux candidat.e.s\u00a0 de tous les genres, \u00e0 l&rsquo;exception du prix Krieger-Nelson, qui est d\u00e9cern\u00e9 uniquement aux femmes. Les candidatures de femmes \u00e9ligibles pour les prix de recherche g\u00e9n\u00e9raux en plus du prix Krieger-Nelson sont fortement encourag\u00e9es.<\/p><p>\u00a0<\/p>\t\t\t\t\t\t\t\t<\/div>\n\t\t\t\t<\/div>\n\t\t\t\t\t<\/div>\n\t\t<\/div>\n\t\t\t\t\t<\/div>\n\t\t<\/section>\n\t\t\t\t<section class=\"elementor-section elementor-top-section elementor-element elementor-element-725f0b0b elementor-section-boxed elementor-section-height-default elementor-section-height-default\" data-id=\"725f0b0b\" data-element_type=\"section\">\n\t\t\t\t\t\t<div class=\"elementor-container elementor-column-gap-default\">\n\t\t\t\t\t<div class=\"elementor-column elementor-col-100 elementor-top-column elementor-element elementor-element-d84cb9c\" data-id=\"d84cb9c\" data-element_type=\"column\">\n\t\t\t<div class=\"elementor-widget-wrap elementor-element-populated\">\n\t\t\t\t\t\t<div class=\"elementor-element elementor-element-798c3fbb elementor-widget elementor-widget-heading\" data-id=\"798c3fbb\" data-element_type=\"widget\" data-widget_type=\"heading.default\">\n\t\t\t\t<div class=\"elementor-widget-container\">\n\t\t\t\t\t<h2 class=\"elementor-heading-title elementor-size-default\">Conditions de la candidature<\/h2>\t\t\t\t<\/div>\n\t\t\t\t<\/div>\n\t\t\t\t<div class=\"elementor-element elementor-element-5759369c elementor-widget elementor-widget-text-editor\" data-id=\"5759369c\" data-element_type=\"widget\" data-widget_type=\"text-editor.default\">\n\t\t\t\t<div class=\"elementor-widget-container\">\n\t\t\t\t\t\t\t\t\t<p>La date limite pour d\u00e9poser une candidature, qui comprendra au moins trois lettres de r\u00e9f\u00e9rence, est le 30 septembre 2021.\u00a0 Le dossier de candidature doit comprendre le nom des personnes donn\u00e9es \u00e0 titre de r\u00e9f\u00e9rence ainsi qu&rsquo;un curriculum vitae r\u00e9cent de candidat ou de la candidate. <strong>Nouveau : <span class=\"VIiyi\" lang=\"fr\"><span class=\"JLqJ4b ChMk0b\" data-language-for-alternatives=\"fr\" data-language-to-translate-into=\"auto\" data-phrase-index=\"0\">le proposant doit inclure une citation compl\u00e8te d&rsquo;environ 500 \u00e0 700 mots<\/span><\/span>.<\/strong> Veuillez faire parvenir les mises en candidature et lettres de r\u00e9f\u00e9rence par voie \u00e9lectronique, de pr\u00e9f\u00e9rence en format PDF, avant la date limite, \u00e0 l&rsquo;adresse courriel correspondante et <strong>au plus tard le 30 septembre 2021 <\/strong>:<\/p><p>Coxeter-James:\u00a0 <a href=\"mailto:prixcj@smc.math.ca\">prixcj@smc.math.ca<\/a><\/p><p>Jeffery-Williams: <a href=\"mailto:prixjw@smc.math.ca\">prixjw@smc.math.ca<\/a><\/p><p>Krieger-Nelson: <a href=\"mailto:prixkn@smc.math.ca\">prixkn@smc.math.ca<\/a><\/p><p>\u00a0<\/p>\t\t\t\t\t\t\t\t<\/div>\n\t\t\t\t<\/div>\n\t\t\t\t\t<\/div>\n\t\t<\/div>\n\t\t\t\t\t<\/div>\n\t\t<\/section>\n\t\t\t\t<\/div>\n\t\t","protected":false},"author":5,"template":"","section":[65],"keyword":[140,80,132],"class_list":["post-8589","article","type-article","status-publish","hentry","section-appel-de-candidatures","keyword-appels","keyword-prix","keyword-recherche"],"toolset-meta":{"author-4-info":{"author-4-surname":{"type":"textfield","raw":""},"author-4-given-names":{"type":"textfield","raw":""},"author-4-honorific":{"type":"textfield","raw":""},"author-4-institution":{"type":"textfield","raw":""},"author-4-email":{"type":"email","raw":""},"author-4-cms-role":{"type":"textfield","raw":""}},"author-3-info":{"author-3-surname":{"type":"textfield","raw":""},"author-3-given-names":{"type":"textfield","raw":""},"author-3-honorific":{"type":"textfield","raw":""},"author-3-institution":{"type":"textfield","raw":""},"author-3-email":{"type":"email","raw":""},"author-3-cms-role":{"type":"textfield","raw":""}},"author-2-info":{"author-2-surname":{"type":"textfield","raw":""},"author-2-given-names":{"type":"textfield","raw":""},"author-2-honorific":{"type":"textfield","raw":""},"author-2-institution":{"type":"textfield","raw":""},"author-2-email":{"type":"email","raw":""},"author-2-cms-role":{"type":"textfield","raw":""}},"author-info":{"author-surname":{"type":"textfield","raw":""},"author-given-names":{"type":"textfield","raw":""},"author-honorific":{"type":"textfield","raw":""},"author-email":{"type":"email","raw":""},"author-institution":{"type":"textfield","raw":""},"author-cms-role":{"type":"textfield","raw":""}},"unknown":{"downloadable-pdf":{"type":"file","raw":"https:\/\/notes.math.ca\/wp-content\/uploads\/2021\/02\/Prix-de-recherche-de-la-SMC-2022-Notes-de-la-SMC.pdf","attachment_id":9008},"article-toc-weight":{"type":"numeric","raw":"67"},"author-surname":{"type":"textfield","raw":""},"author-given-names":{"type":"textfield","raw":""}}},"_links":{"self":[{"href":"https:\/\/notes.math.ca\/fr\/wp-json\/wp\/v2\/article\/8589","targetHints":{"allow":["GET"]}}],"collection":[{"href":"https:\/\/notes.math.ca\/fr\/wp-json\/wp\/v2\/article"}],"about":[{"href":"https:\/\/notes.math.ca\/fr\/wp-json\/wp\/v2\/types\/article"}],"author":[{"embeddable":true,"href":"https:\/\/notes.math.ca\/fr\/wp-json\/wp\/v2\/users\/5"}],"version-history":[{"count":3,"href":"https:\/\/notes.math.ca\/fr\/wp-json\/wp\/v2\/article\/8589\/revisions"}],"predecessor-version":[{"id":9010,"href":"https:\/\/notes.math.ca\/fr\/wp-json\/wp\/v2\/article\/8589\/revisions\/9010"}],"wp:attachment":[{"href":"https:\/\/notes.math.ca\/fr\/wp-json\/wp\/v2\/media?parent=8589"}],"wp:term":[{"taxonomy":"section","embeddable":true,"href":"https:\/\/notes.math.ca\/fr\/wp-json\/wp\/v2\/section?post=8589"},{"taxonomy":"keyword","embeddable":true,"href":"https:\/\/notes.math.ca\/fr\/wp-json\/wp\/v2\/keyword?post=8589"}],"curies":[{"name":"wp","href":"https:\/\/api.w.org\/{rel}","templated":true}]}}