{"id":8606,"date":"2021-02-26T11:37:49","date_gmt":"2021-02-26T16:37:49","guid":{"rendered":"https:\/\/notes.math.ca\/?post_type=article&#038;p=8606"},"modified":"2021-03-12T17:29:26","modified_gmt":"2021-03-12T22:29:26","slug":"y-sommes-nous-presque","status":"publish","type":"article","link":"https:\/\/notes.math.ca\/fr\/article\/y-sommes-nous-presque\/","title":{"rendered":"Y sommes-nous presque ?"},"content":{"rendered":"\t\t<div data-elementor-type=\"wp-post\" data-elementor-id=\"8606\" class=\"elementor elementor-8606 elementor-8593\" data-elementor-post-type=\"article\">\n\t\t\t\t\t\t<section class=\"elementor-section elementor-top-section elementor-element elementor-element-3281f90 elementor-section-boxed elementor-section-height-default elementor-section-height-default\" data-id=\"3281f90\" data-element_type=\"section\">\n\t\t\t\t\t\t<div class=\"elementor-container elementor-column-gap-default\">\n\t\t\t\t\t<div class=\"elementor-column elementor-col-100 elementor-top-column elementor-element elementor-element-fb61347\" data-id=\"fb61347\" data-element_type=\"column\">\n\t\t\t<div class=\"elementor-widget-wrap elementor-element-populated\">\n\t\t\t\t\t\t<div class=\"elementor-element elementor-element-a024ead elementor-widget elementor-widget-text-editor\" data-id=\"a024ead\" data-element_type=\"widget\" data-widget_type=\"text-editor.default\">\n\t\t\t\t<div class=\"elementor-widget-container\">\n\t\t\t\t\t\t\t\t\t<p><a href=\"https:\/\/notes.math.ca\/wp-content\/uploads\/2020\/01\/Robert.jpg\"><img decoding=\"async\" class=\"notes_author_photo alignleft wp-image-721 size-thumbnail\" src=\"https:\/\/notes.math.ca\/wp-content\/uploads\/2020\/01\/Robert-150x150.jpg\" alt=\"Picture of Robert Dawson\" width=\"150\" height=\"150\"><\/a>Au moment d\u2019\u00e9criture de ces mots, on est fin f\u00e9vrier et le programme de vaccination est en cours. Mais on d\u00e9marre tr\u00e8s lentement. Environ trois pour cent des Canadien.ne.s ont re\u00e7u le vaccin, un taux bien inf\u00e9rieur \u00e0 celui de nombreux d\u2019autres pays. Pendant ce temps, les salles de classe sont vides, il prend des heures pour pr\u00e9parer chaque cours et nous faisons tou.te.s de notre mieux pour \u00e9chapper aux \u00e9closions locales qui peuvent nous imposer un autre confinement. &nbsp;<\/p>\n<p>La d\u00e9cision d\u2019un ancien gouvernement d\u2019acheter des vaccins des pays \u00e9trangers plut\u00f4t que de les produire ici a port\u00e9 fruit pendant de nombreuses ann\u00e9es normales; les gouvernements successifs n\u2019ont pas non plus de raison pour revenir sur cette d\u00e9cision. &nbsp;On n\u2019a pas pu pr\u00e9voir le jour o\u00f9 le gouvernement am\u00e9ricain ordonne ses entreprises d\u2019arr\u00eater d\u2019honorer leurs contrats avec les entreprises canadiennes jusqu\u2019\u00e0 ce que les besoins am\u00e9ricains n\u2019auraient pas \u00e9t\u00e9 satisfaits. Quoiqu&rsquo;il en soit, en tant que nation nous sommes \u00e0 m\u00eame d\u2019acheter des quantit\u00e9s plus que suffisantes de vaccins, et pourtant, nous avons pris le retard sur la livraison.<\/p>\n<p>Cela pose de probl\u00e8mes pour les universit\u00e9s. Le programme de vaccination \u00e9tait cens\u00e9 s\u2019achever avant septembre. Une petite acc\u00e9l\u00e9ration pourrait rendre possible le retour \u00e0 la vie universitaire normale; et un petit d\u00e9lai, comme nous le voyons en ce moment, pourrait garantir une autre session des cours en ligne.<\/p>\n<p>Actuellement, seul.e.s les a\u00een\u00e9.e.s re\u00e7oivent le vaccin. On ne sait pas encore si les provinces donneront priorit\u00e9 aux trentenaires sur les personnes dans leurs vingt ans, ou si elles opteront pour une saison ouverte \u00e0 tou.te.s une fois que la population \u00e0 risque est prot\u00e9g\u00e9e. Ce qu\u2019on sait, toutefois, est qu&rsquo;un nombre important d\u2019\u00e9tudiant.e.s ne seront vaccin\u00e9.e.s que vers la fin du processus. Quoique des groupes de retrait\u00e9.e.s pourront commencer \u00e0 se rassembler en toute s\u00e9curit\u00e9 cet \u00e9t\u00e9, la pr\u00e9sence des groupes d\u2019\u00e9tudiant.e.s dans le m\u00eame espace continuera \u00e0 poser des risques pendant quelque temps encore.<\/p>\n<p>Ces sp\u00e9culations ne tiennent m\u00eame pas compte de la propagation de diff\u00e9rentes variantes. Nous avons d\u00e9j\u00e0 vu l\u2019apparition de variantes significatives dont certaines ont le taux de reproduction plus \u00e9lev\u00e9 et d\u2019autres semblent plus r\u00e9sistantes aux vaccins. Plus de personnes sont infect\u00e9es dans le monde, plus il y aura de variantes. Alors que le nombre d\u2019infections mondiales a franchi un tournant en janvier, il reste toujours un nombre important de cas actifs et nous pourrions voir \u00e9merger de nouvelles variantes dont certaines nuiraient au programme de vaccination.<\/p>\n<p>Pensez pour un moment aux math\u00e9matiques : le temps ne joue pas en notre faveur. Plus de personnes sont infect\u00e9es au cours du processus de vaccination, plus il y aura la possibilit\u00e9 que le jeu change, et non en notre faveur. Mais l\u2019horloge n\u2019est pas calibr\u00e9e en jours, mais en transmissions. Plus la courbe est plate maintenant, plus il est probable que la session d\u2019automne soit la derni\u00e8re session d\u00e9roul\u00e9e dans des conditions difficiles. Donc, tenez bon, et quand vient votre tour, faites-vous vacciner !<\/p>\t\t\t\t\t\t\t\t<\/div>\n\t\t\t\t<\/div>\n\t\t\t\t\t<\/div>\n\t\t<\/div>\n\t\t\t\t\t<\/div>\n\t\t<\/section>\n\t\t\t\t<\/div>\n\t\t","protected":false},"author":6,"template":"","section":[23],"keyword":[],"class_list":["post-8606","article","type-article","status-publish","hentry","section-editorial-2"],"toolset-meta":{"author-4-info":{"author-4-surname":{"type":"textfield","raw":""},"author-4-given-names":{"type":"textfield","raw":""},"author-4-honorific":{"type":"textfield","raw":""},"author-4-institution":{"type":"textfield","raw":""},"author-4-email":{"type":"email","raw":""},"author-4-cms-role":{"type":"textfield","raw":""}},"author-3-info":{"author-3-surname":{"type":"textfield","raw":""},"author-3-given-names":{"type":"textfield","raw":""},"author-3-honorific":{"type":"textfield","raw":""},"author-3-institution":{"type":"textfield","raw":""},"author-3-email":{"type":"email","raw":""},"author-3-cms-role":{"type":"textfield","raw":""}},"author-2-info":{"author-2-surname":{"type":"textfield","raw":""},"author-2-given-names":{"type":"textfield","raw":""},"author-2-honorific":{"type":"textfield","raw":""},"author-2-institution":{"type":"textfield","raw":""},"author-2-email":{"type":"email","raw":""},"author-2-cms-role":{"type":"textfield","raw":""}},"author-info":{"author-surname":{"type":"textfield","raw":"Dawson"},"author-given-names":{"type":"textfield","raw":"Robert"},"author-honorific":{"type":"textfield","raw":""},"author-email":{"type":"email","raw":""},"author-institution":{"type":"textfield","raw":"Saint-Mary's University"},"author-cms-role":{"type":"textfield","raw":"R\u00e9dactur en chef"}},"unknown":{"downloadable-pdf":{"type":"file","raw":"https:\/\/notes.math.ca\/wp-content\/uploads\/2021\/02\/Editorial-Notes-de-la-SMC.pdf","attachment_id":9150},"article-toc-weight":{"type":"numeric","raw":"20"},"author-surname":{"type":"textfield","raw":"Dawson"},"author-given-names":{"type":"textfield","raw":"Robert"}}},"_links":{"self":[{"href":"https:\/\/notes.math.ca\/fr\/wp-json\/wp\/v2\/article\/8606","targetHints":{"allow":["GET"]}}],"collection":[{"href":"https:\/\/notes.math.ca\/fr\/wp-json\/wp\/v2\/article"}],"about":[{"href":"https:\/\/notes.math.ca\/fr\/wp-json\/wp\/v2\/types\/article"}],"author":[{"embeddable":true,"href":"https:\/\/notes.math.ca\/fr\/wp-json\/wp\/v2\/users\/6"}],"version-history":[{"count":6,"href":"https:\/\/notes.math.ca\/fr\/wp-json\/wp\/v2\/article\/8606\/revisions"}],"predecessor-version":[{"id":9152,"href":"https:\/\/notes.math.ca\/fr\/wp-json\/wp\/v2\/article\/8606\/revisions\/9152"}],"wp:attachment":[{"href":"https:\/\/notes.math.ca\/fr\/wp-json\/wp\/v2\/media?parent=8606"}],"wp:term":[{"taxonomy":"section","embeddable":true,"href":"https:\/\/notes.math.ca\/fr\/wp-json\/wp\/v2\/section?post=8606"},{"taxonomy":"keyword","embeddable":true,"href":"https:\/\/notes.math.ca\/fr\/wp-json\/wp\/v2\/keyword?post=8606"}],"curies":[{"name":"wp","href":"https:\/\/api.w.org\/{rel}","templated":true}]}}