{"id":873,"date":"2020-01-01T11:10:00","date_gmt":"2020-01-01T16:10:00","guid":{"rendered":"https:\/\/notes.math.ca\/?post_type=article&#038;p=873"},"modified":"2020-02-02T10:03:26","modified_gmt":"2020-02-02T15:03:26","slug":"prix-adrien-pouliot-2020","status":"publish","type":"article","link":"https:\/\/notes.math.ca\/fr\/article\/prix-adrien-pouliot-2020\/","title":{"rendered":"Prix Adrien-Pouliot 2020"},"content":{"rendered":"\t\t<div data-elementor-type=\"wp-post\" data-elementor-id=\"873\" class=\"elementor elementor-873 elementor-801\" data-elementor-post-type=\"article\">\n\t\t\t\t\t\t<section class=\"elementor-section elementor-top-section elementor-element elementor-element-e98550e elementor-section-boxed elementor-section-height-default elementor-section-height-default\" data-id=\"e98550e\" data-element_type=\"section\">\n\t\t\t\t\t\t<div class=\"elementor-container elementor-column-gap-default\">\n\t\t\t\t\t<div class=\"elementor-column elementor-col-100 elementor-top-column elementor-element elementor-element-f566d73\" data-id=\"f566d73\" data-element_type=\"column\">\n\t\t\t<div class=\"elementor-widget-wrap elementor-element-populated\">\n\t\t\t\t\t\t<div class=\"elementor-element elementor-element-167d8ab elementor-widget elementor-widget-heading\" data-id=\"167d8ab\" data-element_type=\"widget\" data-widget_type=\"heading.default\">\n\t\t\t\t<div class=\"elementor-widget-container\">\n\t\t\t\t\t<h2 class=\"elementor-heading-title elementor-size-default\">Appel de candidatures<\/h2>\t\t\t\t<\/div>\n\t\t\t\t<\/div>\n\t\t\t\t<div class=\"elementor-element elementor-element-6b4c189 elementor-widget elementor-widget-text-editor\" data-id=\"6b4c189\" data-element_type=\"widget\" data-widget_type=\"text-editor.default\">\n\t\t\t\t<div class=\"elementor-widget-container\">\n\t\t\t\t\t\t\t\t\t<p>Nous sollicitons la candidature de personne ou de groupe de personnes ayant contribu\u00e9 d&rsquo;une fa\u00e7on importante et soutenue \u00e0 des activit\u00e9s math\u00e9matiques \u00e9ducatives au Canada. Le terme \u00ab contributions \u00bb s&#8217;emploie ici au sens large; les candidat.e.s pourront \u00eatre associ\u00e9.e.s \u00e0 une activit\u00e9 de sensibilisation, un nouveau programme adapt\u00e9 au milieu scolaire ou \u00e0 l&rsquo;industrie, des activit\u00e9s promotionnelles de vulgarisation des math\u00e9matiques, des initiatives sp\u00e9ciales, des conf\u00e9rences ou des concours \u00e0 l&rsquo;intention des \u00e9tudiant.e.s, etc.<\/p><p>La SMC a pour but de promouvoir et de c\u00e9l\u00e9brer la diversit\u00e9 au sens le plus large. Nous encourageons fortement les directeurs et les directrices de d\u00e9partement et les comit\u00e9s de mise en candidature \u00e0 proposer des coll\u00e8gues exceptionnel.le.s sans distinction de race, de genre, d\u2019appartenance ethnique ou d\u2019orientation sexuelle.<\/p><p><strong>Les mises en candidature doivent parvenir au bureau de la SMC\u00a0avant le 30 avril 2020<\/strong>.\u00a0 \u00a0Veuillez faire parvenir votre mise en candidature par voie \u00e9lectronique, de pr\u00e9f\u00e9rence en format PDF<strong>, <\/strong>\u00e0 <strong><a href=\"mailto:prixap@smc.math.ca\">prixap@smc.math.ca<\/a>.<\/strong><\/p><p><span style=\"text-decoration: underline;\"><strong>Conditions de candidature<\/strong><\/span><\/p><ul><li>Inclure les coordonn\u00e9es des candidat.e.s ainsi que des pr\u00e9sentateurs et des pr\u00e9sentatrices.<\/li><li>D\u00e9crire en quoi le et la candidat.e a contribu\u00e9 de fa\u00e7on soutenue \u00e0 des activit\u00e9s math\u00e9matiques. Donner un aper\u00e7u de la p\u00e9riode couverte par les activit\u00e9s vis\u00e9es et du succ\u00e8s obtenu. La description ne doit pas d\u00e9passer quatre pages.<\/li><li>Le dossier de candidature comportera deux lettres d\u2019appui sign\u00e9es par des personnes autres que le pr\u00e9sentateur ou la pr\u00e9sentatrice.<\/li><li>Il n\u2019est pas n\u00e9cessaire d\u2019inclure des curriculums vitae, car les renseignements qui s\u2019y trouvent et qui se rapportent aux activit\u00e9s \u00e9ducatives vis\u00e9es devraient figurer sur le formulaire de mise en candidature et dans les autres documents \u00e9num\u00e9r\u00e9s ci- dessus.<\/li><li>Veuillez indiquer si la candidature a \u00e9t\u00e9 soumise l\u2019ann\u00e9e pr\u00e9c\u00e9dente.<\/li><li>Les membres du Comit\u00e9 d\u2019\u00e9ducation de la SMC ne pourront \u00eatre candidat.e.s pour l\u2019obtention d\u2019un prix pendant la dur\u00e9e de leur mandat au Comit\u00e9.<\/li><\/ul>\t\t\t\t\t\t\t\t<\/div>\n\t\t\t\t<\/div>\n\t\t\t\t<section class=\"elementor-section elementor-inner-section elementor-element elementor-element-40fc145 elementor-section-boxed elementor-section-height-default elementor-section-height-default\" data-id=\"40fc145\" data-element_type=\"section\">\n\t\t\t\t\t\t<div class=\"elementor-container elementor-column-gap-default\">\n\t\t\t\t\t<div class=\"elementor-column elementor-col-100 elementor-inner-column elementor-element elementor-element-0d983d7\" data-id=\"0d983d7\" data-element_type=\"column\">\n\t\t\t<div class=\"elementor-widget-wrap elementor-element-populated\">\n\t\t\t\t\t\t<div class=\"elementor-element elementor-element-a733b86 elementor-widget elementor-widget-text-editor\" data-id=\"a733b86\" data-element_type=\"widget\" data-widget_type=\"text-editor.default\">\n\t\t\t\t<div class=\"elementor-widget-container\">\n\t\t\t\t\t\t\t\t\t<p><span style=\"text-decoration: underline;\"><strong>Renouveler une mise en candidature<br \/><\/strong><\/span><\/p><p>Il est possible de renouveler une mise en candidature pr\u00e9sent\u00e9e l&rsquo;ann\u00e9e pr\u00e9c\u00e9dente, pourvu que l&rsquo;on en manifeste le d\u00e9sir avant la date limite. Dans ce cas, le pr\u00e9sentateur ou la pr\u00e9sentatrice n&rsquo;a qu&rsquo;\u00e0 soumettre des documents de mise \u00e0 jour puisque le dossier original a \u00e9t\u00e9 conserv\u00e9.<\/p>\t\t\t\t\t\t\t\t<\/div>\n\t\t\t\t<\/div>\n\t\t\t\t\t<\/div>\n\t\t<\/div>\n\t\t\t\t\t<\/div>\n\t\t<\/section>\n\t\t\t\t\t<\/div>\n\t\t<\/div>\n\t\t\t\t\t<\/div>\n\t\t<\/section>\n\t\t\t\t<section class=\"elementor-section elementor-top-section elementor-element elementor-element-7b083649 elementor-section-boxed elementor-section-height-default elementor-section-height-default\" data-id=\"7b083649\" data-element_type=\"section\" data-settings=\"{&quot;shape_divider_top&quot;:&quot;mountains&quot;}\">\n\t\t\t\t\t<div class=\"elementor-shape elementor-shape-top\" aria-hidden=\"true\" data-negative=\"false\">\n\t\t\t<svg xmlns=\"http:\/\/www.w3.org\/2000\/svg\" viewBox=\"0 0 1000 100\" preserveAspectRatio=\"none\">\n\t<path class=\"elementor-shape-fill\" opacity=\"0.33\" d=\"M473,67.3c-203.9,88.3-263.1-34-320.3,0C66,119.1,0,59.7,0,59.7V0h1000v59.7 c0,0-62.1,26.1-94.9,29.3c-32.8,3.3-62.8-12.3-75.8-22.1C806,49.6,745.3,8.7,694.9,4.7S492.4,59,473,67.3z\"\/>\n\t<path class=\"elementor-shape-fill\" opacity=\"0.66\" d=\"M734,67.3c-45.5,0-77.2-23.2-129.1-39.1c-28.6-8.7-150.3-10.1-254,39.1 s-91.7-34.4-149.2,0C115.7,118.3,0,39.8,0,39.8V0h1000v36.5c0,0-28.2-18.5-92.1-18.5C810.2,18.1,775.7,67.3,734,67.3z\"\/>\n\t<path class=\"elementor-shape-fill\" d=\"M766.1,28.9c-200-57.5-266,65.5-395.1,19.5C242,1.8,242,5.4,184.8,20.6C128,35.8,132.3,44.9,89.9,52.5C28.6,63.7,0,0,0,0 h1000c0,0-9.9,40.9-83.6,48.1S829.6,47,766.1,28.9z\"\/>\n<\/svg>\t\t<\/div>\n\t\t\t\t\t<div class=\"elementor-container elementor-column-gap-default\">\n\t\t\t\t\t<div class=\"elementor-column elementor-col-100 elementor-top-column elementor-element elementor-element-29f305ec\" data-id=\"29f305ec\" data-element_type=\"column\">\n\t\t\t<div class=\"elementor-widget-wrap elementor-element-populated\">\n\t\t\t\t\t\t<section class=\"elementor-section elementor-inner-section elementor-element elementor-element-2d15cbd7 elementor-section-boxed elementor-section-height-default elementor-section-height-default\" data-id=\"2d15cbd7\" data-element_type=\"section\">\n\t\t\t\t\t\t<div class=\"elementor-container elementor-column-gap-default\">\n\t\t\t\t\t<div class=\"elementor-column elementor-col-100 elementor-inner-column elementor-element elementor-element-57ce287c\" data-id=\"57ce287c\" data-element_type=\"column\">\n\t\t\t<div class=\"elementor-widget-wrap elementor-element-populated\">\n\t\t\t\t\t\t<div class=\"elementor-element elementor-element-69f4fb98 notes_tight_bottom elementor-widget elementor-widget-text-editor\" data-id=\"69f4fb98\" data-element_type=\"widget\" data-widget_type=\"text-editor.default\">\n\t\t\t\t<div class=\"elementor-widget-container\">\n\t\t\t\t\t\t\t\t\t<h4><span style=\"text-decoration: underline;\"><strong>R\u00e9cipiendaire du Prix Adrien-Pouliot 2019<\/strong><\/span><\/h4><p><strong><img decoding=\"async\" class=\"alignleft wp-image-813 size-thumbnail\" src=\"https:\/\/notes.math.ca\/wp-content\/uploads\/2020\/02\/Tiina-150x150.jpg\" alt=\"photo of Tiina Hohn\" width=\"150\" height=\"150\" \/>Tiina Hohn<br \/><\/strong><em>MacEwan University<\/em><\/p><p><span title=\"\">La professeuse Hohn est la plus r\u00e9cente r\u00e9cipiendaire du prix.<\/span>\u00a0<span title=\"\">Veuillez lire le\u00a0<a href=\"https:\/\/cms.math.ca\/Communiques\/2019\/APaward2019\">communiqu\u00e9 de presse<\/a>\u00a0ou la <a href=\"https:\/\/cms.math.ca\/Prix\/citations\/ap2019.pdf\">citation<\/a>.<\/span>\u00a0<span class=\"\" title=\"\">Pour une liste des ancien.ne.s laur\u00e9at.e.s et pour lire leurs citations, veuillez visiter la page officielle du <a href=\"https:\/\/cms.math.ca\/Prix\/info\/ap.f\">Prix Adrien-Pouliot<\/a>.<\/span><\/p>\t\t\t\t\t\t\t\t<\/div>\n\t\t\t\t<\/div>\n\t\t\t\t\t<\/div>\n\t\t<\/div>\n\t\t\t\t\t<\/div>\n\t\t<\/section>\n\t\t\t\t\t<\/div>\n\t\t<\/div>\n\t\t\t\t\t<\/div>\n\t\t<\/section>\n\t\t\t\t<\/div>\n\t\t","protected":false},"author":6,"template":"","section":[65],"keyword":[91,77,80],"class_list":["post-873","article","type-article","status-publish","hentry","section-appel-de-candidatures","keyword-adrien-pouliot-fr","keyword-appel","keyword-prix"],"toolset-meta":{"author-4-info":{"author-4-surname":{"type":"textfield","raw":""},"author-4-given-names":{"type":"textfield","raw":""},"author-4-honorific":{"type":"textfield","raw":""},"author-4-institution":{"type":"textfield","raw":""},"author-4-email":{"type":"email","raw":""},"author-4-cms-role":{"type":"textfield","raw":""}},"author-3-info":{"author-3-surname":{"type":"textfield","raw":""},"author-3-given-names":{"type":"textfield","raw":""},"author-3-honorific":{"type":"textfield","raw":""},"author-3-institution":{"type":"textfield","raw":""},"author-3-email":{"type":"email","raw":""},"author-3-cms-role":{"type":"textfield","raw":""}},"author-2-info":{"author-2-surname":{"type":"textfield","raw":""},"author-2-given-names":{"type":"textfield","raw":""},"author-2-honorific":{"type":"textfield","raw":""},"author-2-institution":{"type":"textfield","raw":""},"author-2-email":{"type":"email","raw":""},"author-2-cms-role":{"type":"textfield","raw":""}},"author-info":{"author-surname":{"type":"textfield","raw":""},"author-given-names":{"type":"textfield","raw":""},"author-honorific":{"type":"textfield","raw":""},"author-email":{"type":"email","raw":""},"author-institution":{"type":"textfield","raw":""},"author-cms-role":{"type":"textfield","raw":""}},"unknown":{"downloadable-pdf":{"type":"file","raw":"https:\/\/notes.math.ca\/wp-content\/uploads\/2020\/01\/Prix-Adrien-Pouliot-2020-Notes-de-la-SMC.pdf","attachment_id":2742},"article-toc-weight":{"type":"numeric","raw":"62"},"author-surname":{"type":"textfield","raw":""},"author-given-names":{"type":"textfield","raw":""}}},"_links":{"self":[{"href":"https:\/\/notes.math.ca\/fr\/wp-json\/wp\/v2\/article\/873","targetHints":{"allow":["GET"]}}],"collection":[{"href":"https:\/\/notes.math.ca\/fr\/wp-json\/wp\/v2\/article"}],"about":[{"href":"https:\/\/notes.math.ca\/fr\/wp-json\/wp\/v2\/types\/article"}],"author":[{"embeddable":true,"href":"https:\/\/notes.math.ca\/fr\/wp-json\/wp\/v2\/users\/6"}],"version-history":[{"count":27,"href":"https:\/\/notes.math.ca\/fr\/wp-json\/wp\/v2\/article\/873\/revisions"}],"predecessor-version":[{"id":2744,"href":"https:\/\/notes.math.ca\/fr\/wp-json\/wp\/v2\/article\/873\/revisions\/2744"}],"wp:attachment":[{"href":"https:\/\/notes.math.ca\/fr\/wp-json\/wp\/v2\/media?parent=873"}],"wp:term":[{"taxonomy":"section","embeddable":true,"href":"https:\/\/notes.math.ca\/fr\/wp-json\/wp\/v2\/section?post=873"},{"taxonomy":"keyword","embeddable":true,"href":"https:\/\/notes.math.ca\/fr\/wp-json\/wp\/v2\/keyword?post=873"}],"curies":[{"name":"wp","href":"https:\/\/api.w.org\/{rel}","templated":true}]}}