{"id":9460,"date":"2021-05-18T12:05:56","date_gmt":"2021-05-18T16:05:56","guid":{"rendered":"https:\/\/notes.math.ca\/?post_type=article&#038;p=9460"},"modified":"2021-05-28T10:44:27","modified_gmt":"2021-05-28T14:44:27","slug":"prix-david-borwein-de-mathematicien-ne-emerite-pour-lensemble-dune-carriere","status":"publish","type":"article","link":"https:\/\/notes.math.ca\/fr\/article\/prix-david-borwein-de-mathematicien-ne-emerite-pour-lensemble-dune-carriere\/","title":{"rendered":"Prix David-Borwein de math\u00e9maticien.ne \u00e9m\u00e9rite pour l&rsquo;ensemble d&rsquo;une carri\u00e8re"},"content":{"rendered":"\t\t<div data-elementor-type=\"wp-post\" data-elementor-id=\"9460\" class=\"elementor elementor-9460 elementor-9450\" data-elementor-post-type=\"article\">\n\t\t\t\t\t\t<section class=\"elementor-section elementor-top-section elementor-element elementor-element-293f3a78 elementor-section-boxed elementor-section-height-default elementor-section-height-default\" data-id=\"293f3a78\" data-element_type=\"section\">\n\t\t\t\t\t\t<div class=\"elementor-container elementor-column-gap-default\">\n\t\t\t\t\t<div class=\"elementor-column elementor-col-100 elementor-top-column elementor-element elementor-element-2211b558\" data-id=\"2211b558\" data-element_type=\"column\">\n\t\t\t<div class=\"elementor-widget-wrap elementor-element-populated\">\n\t\t\t\t\t\t<div class=\"elementor-element elementor-element-5eba296 elementor-widget elementor-widget-text-editor\" data-id=\"5eba296\" data-element_type=\"widget\" data-widget_type=\"text-editor.default\">\n\t\t\t\t<div class=\"elementor-widget-container\">\n\t\t\t\t\t\t\t\t\t<p>La Soci\u00e9t\u00e9 math\u00e9matique du Canada (SMC) est heureux d\u2019accepter les nominations pour le prix <strong><a href=\"https:\/\/proto.smc.math.ca\/prix\/prix-david-borwein\/\">David-Borwein de math\u00e9maticien.ne \u00e9m\u00e9rite pour l\u2019ensemble d\u2019une carri\u00e8re<\/a><\/strong> remis en 2022. Ce prix rend hommage \u00e0 un.e math\u00e9maticien.ne qui a fait une contribution exceptionnelle et soutenue aux math\u00e9matiques canadiennes et est d\u00e9cern\u00e9 \u00e0 chaque quatre ans.<\/p><p>La pr\u00e9sentation du prix a lieu \u00e0 la R\u00e9union d\u2019hiver de la SMC en d\u00e9cembre 2022 et le ou la laur\u00e9at.e prononcera une conf\u00e9rence \u00e0 la r\u00e9union.<\/p><p>Le dossier de candidature comprendra les \u00e9l\u00e9ments suivants :<\/p><ul><li>une lettre de mise en candidature sign\u00e9e par un.e coll\u00e8gue ou un collaborateur ou une collaboratrice actuel ou des ann\u00e9es pass\u00e9es (trois pages maximum) qui conna\u00eet tr\u00e8s bien les r\u00e9alisations de la personne propos\u00e9e;<\/li><li>un bref curriculum vitae, maximum de cinq pages;<\/li><li>de deux \u00e0 quatre lettres d\u2019appui, en plus de la mise en candidature;<\/li><li>tout autre document pertinent, maximum de 10 pages.<\/li><\/ul><p>La SMC a pour but de promouvoir et de c\u00e9l\u00e9brer la diversit\u00e9 au sens le plus large. Nous encourageons fortement les directeurs et les directrices de d\u00e9partement et les comit\u00e9s de mise en candidature \u00e0 proposer des coll\u00e8gues exceptionnel.le.s sans distinction de race, de genre, d\u2019appartenance ethnique ou d\u2019orientation sexuelle.<\/p><p>Veuillez faire parvenir le dossier complet et tous les documents par voie \u00e9lectronique, de pr\u00e9f\u00e9rence en format PDF, <strong>au plus tard le 15 novembre 2021<\/strong> \u00e0 <a href=\"mailto:prixdb@smc.math.ca\"><strong>prixdb@smc.math.ca<\/strong><\/a>.<\/p>\t\t\t\t\t\t\t\t<\/div>\n\t\t\t\t<\/div>\n\t\t\t\t\t<\/div>\n\t\t<\/div>\n\t\t\t\t\t<\/div>\n\t\t<\/section>\n\t\t\t\t<section class=\"elementor-section elementor-top-section elementor-element elementor-element-bedc39e elementor-section-boxed elementor-section-height-default elementor-section-height-default\" data-id=\"bedc39e\" data-element_type=\"section\" data-settings=\"{&quot;shape_divider_top&quot;:&quot;mountains&quot;}\">\n\t\t\t\t\t<div class=\"elementor-shape elementor-shape-top\" aria-hidden=\"true\" data-negative=\"false\">\n\t\t\t<svg xmlns=\"http:\/\/www.w3.org\/2000\/svg\" viewBox=\"0 0 1000 100\" preserveAspectRatio=\"none\">\n\t<path class=\"elementor-shape-fill\" opacity=\"0.33\" d=\"M473,67.3c-203.9,88.3-263.1-34-320.3,0C66,119.1,0,59.7,0,59.7V0h1000v59.7 c0,0-62.1,26.1-94.9,29.3c-32.8,3.3-62.8-12.3-75.8-22.1C806,49.6,745.3,8.7,694.9,4.7S492.4,59,473,67.3z\"\/>\n\t<path class=\"elementor-shape-fill\" opacity=\"0.66\" d=\"M734,67.3c-45.5,0-77.2-23.2-129.1-39.1c-28.6-8.7-150.3-10.1-254,39.1 s-91.7-34.4-149.2,0C115.7,118.3,0,39.8,0,39.8V0h1000v36.5c0,0-28.2-18.5-92.1-18.5C810.2,18.1,775.7,67.3,734,67.3z\"\/>\n\t<path class=\"elementor-shape-fill\" d=\"M766.1,28.9c-200-57.5-266,65.5-395.1,19.5C242,1.8,242,5.4,184.8,20.6C128,35.8,132.3,44.9,89.9,52.5C28.6,63.7,0,0,0,0 h1000c0,0-9.9,40.9-83.6,48.1S829.6,47,766.1,28.9z\"\/>\n<\/svg>\t\t<\/div>\n\t\t\t\t\t<div class=\"elementor-container elementor-column-gap-default\">\n\t\t\t\t\t<div class=\"elementor-column elementor-col-100 elementor-top-column elementor-element elementor-element-7798f1ed\" data-id=\"7798f1ed\" data-element_type=\"column\">\n\t\t\t<div class=\"elementor-widget-wrap elementor-element-populated\">\n\t\t\t\t\t\t<div class=\"elementor-element elementor-element-342026ae notes_tight_bottom elementor-widget elementor-widget-text-editor\" data-id=\"342026ae\" data-element_type=\"widget\" data-widget_type=\"text-editor.default\">\n\t\t\t\t<div class=\"elementor-widget-container\">\n\t\t\t\t\t\t\t\t\t<p><span style=\"text-decoration: underline;\"><strong>R\u00e9cipiendaire du Prix David-Borwein de math\u00e9maticien.ne \u00e9m\u00e9rite pour l&rsquo;ensemble d&rsquo;une carri\u00e8re en 2018<br \/><\/strong><\/span><\/p>\t\t\t\t\t\t\t\t<\/div>\n\t\t\t\t<\/div>\n\t\t\t\t<section class=\"elementor-section elementor-inner-section elementor-element elementor-element-1698392d elementor-section-boxed elementor-section-height-default elementor-section-height-default\" data-id=\"1698392d\" data-element_type=\"section\">\n\t\t\t\t\t\t<div class=\"elementor-container elementor-column-gap-default\">\n\t\t\t\t\t<div class=\"elementor-column elementor-col-100 elementor-inner-column elementor-element elementor-element-5bdb1564\" data-id=\"5bdb1564\" data-element_type=\"column\">\n\t\t\t<div class=\"elementor-widget-wrap elementor-element-populated\">\n\t\t\t\t\t\t<div class=\"elementor-element elementor-element-114cca57 notes_tight_bottom elementor-widget elementor-widget-text-editor\" data-id=\"114cca57\" data-element_type=\"widget\" data-widget_type=\"text-editor.default\">\n\t\t\t\t<div class=\"elementor-widget-container\">\n\t\t\t\t\t\t\t\t\t<p><strong><img decoding=\"async\" class=\"wp-image-9455 size-thumbnail alignleft\" src=\"https:\/\/notes.math.ca\/wp-content\/uploads\/2021\/05\/Anthony_Lau-150x150.jpg\" alt=\"\" width=\"150\" height=\"150\" \/>Anthony To-Ming Lau<br \/><\/strong><em>University of Alberta<br \/><\/em><\/p><p>Le professeur Lau est le plus r\u00e9cent r\u00e9cipiendaire du prix.\u00a0 Veuillez lire le <a href=\"https:\/\/www2.cms.math.ca\/MediaReleases\/2018\/DavidBorwein\">communiqu\u00e9 de presse<\/a>.\u00a0 Pour une liste des ancien.nes laur\u00e9at.e.s et pour lire leurs citations, veuillez visiter la <a href=\"https:\/\/smc.math.ca\/prix\/prix-david-borwein\/\">page officielle du prix<\/a>.<\/p>\t\t\t\t\t\t\t\t<\/div>\n\t\t\t\t<\/div>\n\t\t\t\t\t<\/div>\n\t\t<\/div>\n\t\t\t\t\t<\/div>\n\t\t<\/section>\n\t\t\t\t\t<\/div>\n\t\t<\/div>\n\t\t\t\t\t<\/div>\n\t\t<\/section>\n\t\t\t\t<\/div>\n\t\t","protected":false},"author":5,"template":"","section":[65],"keyword":[140,294,80],"class_list":["post-9460","article","type-article","status-publish","hentry","section-appel-de-candidatures","keyword-appels","keyword-david-borwein","keyword-prix"],"toolset-meta":{"author-4-info":{"author-4-surname":{"type":"textfield","raw":""},"author-4-given-names":{"type":"textfield","raw":""},"author-4-honorific":{"type":"textfield","raw":""},"author-4-institution":{"type":"textfield","raw":""},"author-4-email":{"type":"email","raw":""},"author-4-cms-role":{"type":"textfield","raw":""}},"author-3-info":{"author-3-surname":{"type":"textfield","raw":""},"author-3-given-names":{"type":"textfield","raw":""},"author-3-honorific":{"type":"textfield","raw":""},"author-3-institution":{"type":"textfield","raw":""},"author-3-email":{"type":"email","raw":""},"author-3-cms-role":{"type":"textfield","raw":""}},"author-2-info":{"author-2-surname":{"type":"textfield","raw":""},"author-2-given-names":{"type":"textfield","raw":""},"author-2-honorific":{"type":"textfield","raw":""},"author-2-institution":{"type":"textfield","raw":""},"author-2-email":{"type":"email","raw":""},"author-2-cms-role":{"type":"textfield","raw":""}},"author-info":{"author-surname":{"type":"textfield","raw":""},"author-given-names":{"type":"textfield","raw":""},"author-honorific":{"type":"textfield","raw":""},"author-email":{"type":"email","raw":""},"author-institution":{"type":"textfield","raw":""},"author-cms-role":{"type":"textfield","raw":""}},"unknown":{"downloadable-pdf":{"type":"file","raw":"https:\/\/notes.math.ca\/wp-content\/uploads\/2021\/05\/Prix-David-Borwein-Notes-de-la-SMC.pdf","attachment_id":9613},"article-toc-weight":{"type":"numeric","raw":"66"},"author-surname":{"type":"textfield","raw":""},"author-given-names":{"type":"textfield","raw":""}}},"_links":{"self":[{"href":"https:\/\/notes.math.ca\/fr\/wp-json\/wp\/v2\/article\/9460","targetHints":{"allow":["GET"]}}],"collection":[{"href":"https:\/\/notes.math.ca\/fr\/wp-json\/wp\/v2\/article"}],"about":[{"href":"https:\/\/notes.math.ca\/fr\/wp-json\/wp\/v2\/types\/article"}],"author":[{"embeddable":true,"href":"https:\/\/notes.math.ca\/fr\/wp-json\/wp\/v2\/users\/5"}],"version-history":[{"count":4,"href":"https:\/\/notes.math.ca\/fr\/wp-json\/wp\/v2\/article\/9460\/revisions"}],"predecessor-version":[{"id":9489,"href":"https:\/\/notes.math.ca\/fr\/wp-json\/wp\/v2\/article\/9460\/revisions\/9489"}],"wp:attachment":[{"href":"https:\/\/notes.math.ca\/fr\/wp-json\/wp\/v2\/media?parent=9460"}],"wp:term":[{"taxonomy":"section","embeddable":true,"href":"https:\/\/notes.math.ca\/fr\/wp-json\/wp\/v2\/section?post=9460"},{"taxonomy":"keyword","embeddable":true,"href":"https:\/\/notes.math.ca\/fr\/wp-json\/wp\/v2\/keyword?post=9460"}],"curies":[{"name":"wp","href":"https:\/\/api.w.org\/{rel}","templated":true}]}}