{"id":9892,"date":"2021-08-03T11:51:05","date_gmt":"2021-08-03T15:51:05","guid":{"rendered":"https:\/\/notes.math.ca\/article\/greetings-from-the-president-elect\/"},"modified":"2021-08-24T08:10:17","modified_gmt":"2021-08-24T12:10:17","slug":"greetings-from-the-president-elect","status":"publish","type":"article","link":"https:\/\/notes.math.ca\/fr\/article\/greetings-from-the-president-elect\/","title":{"rendered":"Salutations du Pr\u00e9sident \u00e9lu"},"content":{"rendered":"\t\t<div data-elementor-type=\"wp-post\" data-elementor-id=\"9892\" class=\"elementor elementor-9892 elementor-9885\" data-elementor-post-type=\"article\">\n\t\t\t\t\t\t<section class=\"elementor-section elementor-top-section elementor-element elementor-element-fd61643 elementor-section-boxed elementor-section-height-default elementor-section-height-default\" data-id=\"fd61643\" data-element_type=\"section\">\n\t\t\t\t\t\t<div class=\"elementor-container elementor-column-gap-default\">\n\t\t\t\t\t<div class=\"elementor-column elementor-col-100 elementor-top-column elementor-element elementor-element-4a04d88\" data-id=\"4a04d88\" data-element_type=\"column\">\n\t\t\t<div class=\"elementor-widget-wrap elementor-element-populated\">\n\t\t\t\t\t\t<div class=\"elementor-element elementor-element-f9a7709 elementor-widget elementor-widget-text-editor\" data-id=\"f9a7709\" data-element_type=\"widget\" data-widget_type=\"text-editor.default\">\n\t\t\t\t<div class=\"elementor-widget-container\">\n\t\t\t\t\t\t\t\t\t<p><a href=\"https:\/\/notes.math.ca\/wp-content\/uploads\/2021\/08\/181107_0073_-scaled.jpg\"><img fetchpriority=\"high\" decoding=\"async\" class=\"notes_author_photo alignleft wp-image-9941 size-medium\" src=\"https:\/\/notes.math.ca\/wp-content\/uploads\/2021\/08\/181107_0073_-300x200.jpg\" alt=\"\" width=\"300\" height=\"200\" srcset=\"https:\/\/notes.math.ca\/wp-content\/uploads\/2021\/08\/181107_0073_-300x200.jpg 300w, https:\/\/notes.math.ca\/wp-content\/uploads\/2021\/08\/181107_0073_-1024x683.jpg 1024w, https:\/\/notes.math.ca\/wp-content\/uploads\/2021\/08\/181107_0073_-768x512.jpg 768w, https:\/\/notes.math.ca\/wp-content\/uploads\/2021\/08\/181107_0073_-1536x1024.jpg 1536w, https:\/\/notes.math.ca\/wp-content\/uploads\/2021\/08\/181107_0073_-2048x1365.jpg 2048w\" sizes=\"(max-width: 300px) 100vw, 300px\" \/><\/a>J\u2019\u00e9tais \u00e9lu en tant que pr\u00e9sident \u00e9lu pendant les \u00e9lections tenues plus t\u00f4t cette ann\u00e9e par la Soci\u00e9t\u00e9 math\u00e9matique du Canada. L\u2019une de mes responsabilit\u00e9s directoriales sera d\u2019\u00e9crire \u00e0 l\u2019occasion des articles de couverture pour les <em>Notes de la SMC<\/em>. Cela \u00e9tant le premier de ces articles, j\u2019aimerais commencer par me pr\u00e9senter ceux et celles qui ne me connaissent pas tr\u00e8s bien. J\u2019ai obtenu mon baccalaur\u00e9at en math\u00e9matiques en 1992 de l\u2019Universit\u00e9 de Waterloo et avant d\u2019entamer mes \u00e9tudes sup\u00e9rieures \u00e0 l\u2019Universit\u00e9 Auburn en Alabama. En 1998, j\u2019\u00e9tais engag\u00e9 par l\u2019Universit\u00e9 Memorial de Terre-Neuve o\u00f9 je suis maintenant Professeur de recherche. Mes int\u00e9r\u00eats en mati\u00e8re de recherche portent sur les desseins combinatoires et la th\u00e9orie des graphes, touchant souvent \u00e0 l\u2019informatique. Mes int\u00e9r\u00eats r\u00e9cr\u00e9atifs comprennent la recherche g\u00e9n\u00e9alogique, les randonn\u00e9es et le curling avec Odds and Ends LGBTQ+ Curling League \u00e0 St. John\u2019s. Je suis un homme gai et mon pronom est \u00ab\u00a0il\u00a0\u00bb.<\/p><p>J\u2019ai commenc\u00e9 \u00e0 m\u2019impliquer au sein de la SMC quand j\u2019\u00e9tais au doctorat aux \u00c9.-U. C\u2019est l\u00e0 que je suis devenu membre de la Soci\u00e9t\u00e9. Quelques ann\u00e9es plus tard, j\u2019ai obtenu un poste permanent \u00e0 l\u2019Universit\u00e9 Memorial gr\u00e2ce en partie \u00e0 une offre d\u2019emploi publi\u00e9e dans les\u00a0<em>Notes de la SMC. <\/em>Je peux dire alors que la SMC a facilit\u00e9 mon retour au Canada et pour cette raison elle a une place privil\u00e9gi\u00e9e dans mon c\u0153ur.<\/p><p>La SMC est riche d\u2019histoire. Cet \u00e9t\u00e9, nous avons f\u00eat\u00e9 la R\u00e9union d\u2019\u00e9t\u00e9 du 75+1<sup>e<\/sup> anniversaire de la SMC virtuellement avec plus de mille participant.e.s. En plus d\u2019organiser des colloques et des ateliers, la Soci\u00e9t\u00e9 offre aussi d\u2019autres activit\u00e9s visant les publics diff\u00e9rents. Pour ne mentionner que quelques exemples, nous publions des revues savantes et des revues qui visent les \u00e9tudiant.e.s des cycles sup\u00e9rieurs, nous organisons des concours math\u00e9matiques, parrainons les \u00e9quipes participant aux \u00e9v\u00e8nements internationaux tels que l\u2019Olympiade europ\u00e9enne de math\u00e9matiques pour filles, l\u2019Olympiade internationale de math\u00e9matiques ainsi que des camps math\u00e9matiques \u00e0 travers le pays.<\/p><p>En tant que futur pr\u00e9sident, ma pr\u00e9occupation principale est de m\u2019assurer du bon d\u00e9roulement de ces programmes pour que la Soci\u00e9t\u00e9 continue \u00e0 promouvoir les math\u00e9matiques. Bref, je veux m\u2019assurer qu\u2019on poursuit ces activit\u00e9s au-del\u00e0 de mon temps \u00e0 la barre. \u00c0 mon avis, le bien-\u00eatre financier de la Soci\u00e9t\u00e9 est un \u00e9l\u00e9ment crucial pour garantir son avenir \u00e0 long terme.<\/p><p>Un aper\u00e7u du bilan financier de la Soci\u00e9t\u00e9 au cours des derni\u00e8res ann\u00e9es montre que notre d\u00e9pense d&rsquo;occupation est de 50 000 $ annuellement. Le bureau ex\u00e9cutif est actuellement locataire \u00e0 Ottawa, c&rsquo;est-\u00e0-dire que nous n\u2019avons pas acquis de capital sur cette r\u00e9sidence. Depuis l\u2019ann\u00e9e derni\u00e8re, la Soci\u00e9t\u00e9 a d\u00e9cid\u00e9 de changer la situation et nous sommes maintenant \u00e0 la recherche d\u2019un immeuble appropri\u00e9 \u00e0 Ottawa qui sera le n\u00f4tre. \u00catre propri\u00e9taire de notre \u00ab\u00a0Maison des math\u00e9matiques\u00a0\u00bb am\u00e9liore notre \u00e9tat financier \u00e0 long terme\u00a0: non seulement nous aurons un actif important (dont la valeur s\u2019appr\u00e9cie au fil du temps), mais une fois que la maison est pay\u00e9e, l\u2019argent qui aurait autrement \u00e9t\u00e9 d\u00e9pens\u00e9 pour l\u2019hypoth\u00e8que ou le loyer pourrait \u00eatre vir\u00e9 \u00e0 soutenir la mission de la Soci\u00e9t\u00e9. Restez \u00e0 l\u2019\u00e9coute pour des nouvelles \u00e0 ce sujet dans les mois \u00e0 venir.<\/p><p>Entretemps, j\u2019aimerais aussi noter quelques composantes du revenu annuel de la SMC. La Soci\u00e9t\u00e9 publie le <em>Journal canadien de math\u00e9matiques<\/em> depuis 1949 et le <em>Bulletin canadien de math\u00e9matiques <\/em>depuis 1958 et nous esp\u00e9rons lancer une nouvelle revue <em>Transactions <\/em>bient\u00f4t. Au cours des d\u00e9cennies, les frais d\u2019abonnement \u00e0 nos revues ont constitu\u00e9 une source importante de notre revenu annuel. Comment pourrons-nous maintenir (ou m\u00eame augmenter) ce flux de revenu quand le monde de publications entreprend un virage num\u00e9rique vers le mode acc\u00e8s libre? C\u2019est une \u00e9nigme dont j\u2019apprendrai beaucoup dans les mois et les ann\u00e9es \u00e0 venir. Dans les jours qui ont suivi mon \u00e9lection en tant que pr\u00e9sident \u00e9lu, je me suis joint aux Comit\u00e9s de publication et de finances de la SMC pour apprendre davantage sur ces enjeux.<\/p>\t\t\t\t\t\t\t\t<\/div>\n\t\t\t\t<\/div>\n\t\t\t\t<section class=\"elementor-section elementor-inner-section elementor-element elementor-element-bcedef5 elementor-section-boxed elementor-section-height-default elementor-section-height-default\" data-id=\"bcedef5\" data-element_type=\"section\">\n\t\t\t\t\t\t<div class=\"elementor-container elementor-column-gap-default\">\n\t\t\t\t\t<div class=\"elementor-column elementor-col-50 elementor-inner-column elementor-element elementor-element-d52a4a3\" data-id=\"d52a4a3\" data-element_type=\"column\">\n\t\t\t<div class=\"elementor-widget-wrap elementor-element-populated\">\n\t\t\t\t\t\t<div class=\"elementor-element elementor-element-6ebb12c elementor-blockquote--skin-quotation elementor-widget elementor-widget-blockquote\" data-id=\"6ebb12c\" data-element_type=\"widget\" data-widget_type=\"blockquote.default\">\n\t\t\t\t<div class=\"elementor-widget-container\">\n\t\t\t\t\t\t\t<blockquote class=\"elementor-blockquote\">\n\t\t\t<p class=\"elementor-blockquote__content\">\n\t\t\t\t\u00catre propri\u00e9taire de notre \u00ab Maison des math\u00e9matiques \u00bb am\u00e9liore notre \u00e9tat financier \u00e0 long terme : non seulement nous aurons un actif important (dont la valeur s\u2019appr\u00e9cie au fil du temps), mais une fois que la maison est pay\u00e9e, l\u2019argent qui aurait autrement \u00e9t\u00e9 d\u00e9pens\u00e9 pour l\u2019hypoth\u00e8que ou le loyer pourrait \u00eatre vir\u00e9 \u00e0 soutenir la mission de la Soci\u00e9t\u00e9.\t\t\t<\/p>\n\t\t\t\t\t<\/blockquote>\n\t\t\t\t\t\t<\/div>\n\t\t\t\t<\/div>\n\t\t\t\t\t<\/div>\n\t\t<\/div>\n\t\t\t\t<div class=\"elementor-column elementor-col-50 elementor-inner-column elementor-element elementor-element-f4bcdf3\" data-id=\"f4bcdf3\" data-element_type=\"column\">\n\t\t\t<div class=\"elementor-widget-wrap elementor-element-populated\">\n\t\t\t\t\t\t<div class=\"elementor-element elementor-element-c98594d elementor-widget elementor-widget-image\" data-id=\"c98594d\" data-element_type=\"widget\" notes_author_photo=\"\" data-widget_type=\"image.default\">\n\t\t\t\t<div class=\"elementor-widget-container\">\n\t\t\t\t\t\t\t\t\t\t\t\t\t\t\t<img decoding=\"async\" width=\"577\" height=\"412\" src=\"https:\/\/notes.math.ca\/wp-content\/uploads\/2021\/08\/HouseofMathematics.png\" class=\"attachment-large size-large wp-image-9896\" alt=\"\" srcset=\"https:\/\/notes.math.ca\/wp-content\/uploads\/2021\/08\/HouseofMathematics.png 577w, https:\/\/notes.math.ca\/wp-content\/uploads\/2021\/08\/HouseofMathematics-300x214.png 300w\" sizes=\"(max-width: 577px) 100vw, 577px\" \/>\t\t\t\t\t\t\t\t\t\t\t\t\t\t\t<\/div>\n\t\t\t\t<\/div>\n\t\t\t\t\t<\/div>\n\t\t<\/div>\n\t\t\t\t\t<\/div>\n\t\t<\/section>\n\t\t\t\t<div class=\"elementor-element elementor-element-e6a3082 elementor-widget elementor-widget-text-editor\" data-id=\"e6a3082\" data-element_type=\"widget\" data-widget_type=\"text-editor.default\">\n\t\t\t\t<div class=\"elementor-widget-container\">\n\t\t\t\t\t\t\t\t\t<p>Quoique je sois nouveau \u00e0 ce poste et un peu na\u00eff, je reconnais que le financement est un autre sujet sur lequel j\u2019ai besoin d\u2019apprendre. En effet, certain.e.s membres de la Soci\u00e9t\u00e9 m\u2019ont contact\u00e9 pour proposer qu\u2019on profite de notre statut d\u2019organisme de charit\u00e9 pour recevoir des dons au-del\u00e0 de ce qu\u2019on re\u00e7oit actuellement. En 2016, nous avons rapport\u00e9 11 624 $ de dons imposables. Quoique les ann\u00e9es suivantes ont \u00e9t\u00e9 plus prosp\u00e8res pour nous (\u00e0 la fin de 2020 la moyenne sur 5 ans \u00e9tait 43 408 $), nous pouvons et devons essayer de miser davantage sur cet aspect de nos op\u00e9rations. Nous avons une gamme d\u2019activit\u00e9s et d\u2019initiatives qui pourront int\u00e9resser les donateurs.trices potentiel.le.s. Cela comprend des activit\u00e9s de sensibilisation et d\u2019entra\u00eenement, des prix et, tout r\u00e9cemment, des co\u00fbts relatifs \u00e0 l\u2019achat d\u2019un immeuble pour loger le bureau ex\u00e9cutif. J\u2019invite toute personne qui a des id\u00e9es innovatrices pour le financement \u00e0 nous contacter et \u00e0 partager leurs id\u00e9es.<\/p><p>Pour conclure, j\u2019avoue que mon nouveau r\u00f4le de direction est un peu intimidant, mais je suis tr\u00e8s enthousiasm\u00e9. La SMC est une grande \u00e9quipe et je me r\u00e9jouis \u00e0 la perspective de travailler au sein de cette \u00e9quipe, avec les membres du personnel et les b\u00e9n\u00e9voles qui contribuent \u00e0 l\u2019op\u00e9ration et le dynamisme de notre Soci\u00e9t\u00e9.<\/p>\t\t\t\t\t\t\t\t<\/div>\n\t\t\t\t<\/div>\n\t\t\t\t\t<\/div>\n\t\t<\/div>\n\t\t\t\t\t<\/div>\n\t\t<\/section>\n\t\t\t\t<section class=\"elementor-section elementor-top-section elementor-element elementor-element-3829dda elementor-section-boxed elementor-section-height-default elementor-section-height-default\" data-id=\"3829dda\" data-element_type=\"section\">\n\t\t\t\t\t\t<div class=\"elementor-container elementor-column-gap-default\">\n\t\t\t\t\t<div class=\"elementor-column elementor-col-100 elementor-top-column elementor-element elementor-element-5eaf682\" data-id=\"5eaf682\" data-element_type=\"column\" data-settings=\"{&quot;background_background&quot;:&quot;classic&quot;}\">\n\t\t\t<div class=\"elementor-widget-wrap elementor-element-populated\">\n\t\t\t\t\t\t<div class=\"elementor-element elementor-element-22b7c88 elementor-widget elementor-widget-text-editor\" data-id=\"22b7c88\" data-element_type=\"widget\" data-widget_type=\"text-editor.default\">\n\t\t\t\t<div class=\"elementor-widget-container\">\n\t\t\t\t\t\t\t\t\t<p>Vous pouvez faire un don en vous connectant au portail <a href=\"https:\/\/portal.cms.math.ca\/mrm\/donations\/donationdetail.aspx?ctra_askid=1\">portal <\/a>ou sur le site de&nbsp;<a href=\"https:\/\/www.canadahelps.org\/en\/charities\/canadian-mathematical-society-societe-mathematique-du-canada\/\">Canada Helps<\/a>.<\/p>\t\t\t\t\t\t\t\t<\/div>\n\t\t\t\t<\/div>\n\t\t\t\t\t<\/div>\n\t\t<\/div>\n\t\t\t\t\t<\/div>\n\t\t<\/section>\n\t\t\t\t<\/div>\n\t\t","protected":false},"author":6,"template":"","section":[24],"keyword":[],"class_list":["post-9892","article","type-article","status-publish","hentry","section-article-de-couverture"],"toolset-meta":{"author-4-info":{"author-4-surname":{"type":"textfield","raw":""},"author-4-given-names":{"type":"textfield","raw":""},"author-4-honorific":{"type":"textfield","raw":""},"author-4-institution":{"type":"textfield","raw":""},"author-4-email":{"type":"email","raw":""},"author-4-cms-role":{"type":"textfield","raw":""}},"author-3-info":{"author-3-surname":{"type":"textfield","raw":""},"author-3-given-names":{"type":"textfield","raw":""},"author-3-honorific":{"type":"textfield","raw":""},"author-3-institution":{"type":"textfield","raw":""},"author-3-email":{"type":"email","raw":""},"author-3-cms-role":{"type":"textfield","raw":""}},"author-2-info":{"author-2-surname":{"type":"textfield","raw":""},"author-2-given-names":{"type":"textfield","raw":""},"author-2-honorific":{"type":"textfield","raw":""},"author-2-institution":{"type":"textfield","raw":""},"author-2-email":{"type":"email","raw":""},"author-2-cms-role":{"type":"textfield","raw":""}},"author-info":{"author-surname":{"type":"textfield","raw":"Pike"},"author-given-names":{"type":"textfield","raw":"David"},"author-honorific":{"type":"textfield","raw":""},"author-email":{"type":"email","raw":"dapike@mun.ca"},"author-institution":{"type":"textfield","raw":"Memorial University"},"author-cms-role":{"type":"textfield","raw":"Pr\u00e9sident \u00e9lu"}},"unknown":{"downloadable-pdf":{"type":"file","raw":"https:\/\/notes.math.ca\/wp-content\/uploads\/2021\/08\/Couverture-NotesSMC-sept2021.pdf","attachment_id":10262},"article-toc-weight":{"type":"numeric","raw":"10"},"author-surname":{"type":"textfield","raw":"Pike"},"author-given-names":{"type":"textfield","raw":"David"}}},"_links":{"self":[{"href":"https:\/\/notes.math.ca\/fr\/wp-json\/wp\/v2\/article\/9892","targetHints":{"allow":["GET"]}}],"collection":[{"href":"https:\/\/notes.math.ca\/fr\/wp-json\/wp\/v2\/article"}],"about":[{"href":"https:\/\/notes.math.ca\/fr\/wp-json\/wp\/v2\/types\/article"}],"author":[{"embeddable":true,"href":"https:\/\/notes.math.ca\/fr\/wp-json\/wp\/v2\/users\/6"}],"version-history":[{"count":26,"href":"https:\/\/notes.math.ca\/fr\/wp-json\/wp\/v2\/article\/9892\/revisions"}],"predecessor-version":[{"id":10264,"href":"https:\/\/notes.math.ca\/fr\/wp-json\/wp\/v2\/article\/9892\/revisions\/10264"}],"wp:attachment":[{"href":"https:\/\/notes.math.ca\/fr\/wp-json\/wp\/v2\/media?parent=9892"}],"wp:term":[{"taxonomy":"section","embeddable":true,"href":"https:\/\/notes.math.ca\/fr\/wp-json\/wp\/v2\/section?post=9892"},{"taxonomy":"keyword","embeddable":true,"href":"https:\/\/notes.math.ca\/fr\/wp-json\/wp\/v2\/keyword?post=9892"}],"curies":[{"name":"wp","href":"https:\/\/api.w.org\/{rel}","templated":true}]}}